{"id":1000,"date":"2023-11-17T12:51:50","date_gmt":"2023-11-17T12:51:50","guid":{"rendered":"https:\/\/xerpastudio.com\/?p=1000"},"modified":"2023-11-17T12:51:50","modified_gmt":"2023-11-17T12:51:50","slug":"el-valor-de-la-humildad-en-la-comunicacion-de-crisis","status":"publish","type":"post","link":"https:\/\/xerpastudio.com\/cat\/el-valor-de-la-humildad-en-la-comunicacion-de-crisis\/","title":{"rendered":"El valor de la humilitat en la comunicaci\u00f3 de crisi"},"content":{"rendered":"<p>La gesti\u00f3 comunicativa de qualsevol crisi empresarial amb repercussi\u00f3 p\u00fablica i impacte reputacional exigeix professionalitat, coneixements, experi\u00e8ncia i m\u00e8tode. Per\u00f2 el que he comprovat al llarg de la meva traject\u00f2ria professional \u00e9s que exigeix, sobretot, una alta dosi d'humilitat, de tots els seus implicats i en totes les fases de treball. Sense aquesta consci\u00e8ncia de vulnerabilitat, la necessitat d\u2019identificar limitacions i debilitats, sense aquesta qualitat d'assumir la cr\u00edtica i el consell, la gesti\u00f3 de qualsevol crisi es converteix en un <em>via crucis<\/em> amb riscos il\u00b7limitats.<\/p>\n\n\n\n<p>Aquesta humilitat necess\u00e0ria integrada en la cultura empresarial \u00e9s, probablement, una de les grans assignatures pendents de la majoria d'organitzacions davant de qualsevol crisi d'impacte. Una condici\u00f3 que ha de formar part de l'ess\u00e8ncia de l'organitzaci\u00f3, des de la direcci\u00f3 fins a totes les ramificacions de l'estructura, i que adquireix una rellev\u00e0ncia cabdal en la gesti\u00f3 de crisis.<\/p>\n\n\n\n<p>La responsabilitat de la gesti\u00f3 comunicativa d'una crisi reputacional \u00e9s minimitzar-ne l'impacte i recuperar com m\u00e9s aviat millor la credibilitat i la confian\u00e7a en la marca. Per aix\u00f2, els seus responsables mereixen treballar en l'h\u00e0bitat adequat, en un entorn de confian\u00e7a i respecte, i en una cultura organitzativa humil i sensible a les opinions i consells dels professionals.<\/p>\n\n\n\n<p>Davant d'una crisi ja en curs \u00e9s imprescindible compartir amb els responsables de comunicaci\u00f3 la m\u00e0xima informaci\u00f3 del cas i, si \u00e9s possible, un reconeixement de responsabilitats pr\u00f2pies. El pas seg\u00fcent ser\u00e0 assumir tots els escenaris possibles i les seves repercussions, per extraordin\u00e0ries i cr\u00edtiques que semblin per als l\u00edders de l'organitzaci\u00f3.<\/p>\n\n\n\n<p>Com solen reaccionar certs lideratges quan els professionals exigeixen tota la informaci\u00f3 d\u2019un cas cr\u00edtic, identifiquen responsabilitats pr\u00f2pies i recomanen assumir-les p\u00fablicament amb la m\u00e0xima transpar\u00e8ncia? Solen acceptar els consells dels professionals o opten per actituds victimistes, sentint-se injustament atacats i imposant els seus criteris? Les respostes a aquestes q\u00fcestions permeten interpretar com es gestionen moltes de les crisis medi\u00e0tiques amb qu\u00e8 convivim, cada cop m\u00e9s recurrents i amb impactes reputacionals i econ\u00f2mics m\u00e9s rellevants.<\/p>\n\n\n\n<p>En els darrers temps s'ha generalitzat el fet de culpabilitzar els responsables de comunicaci\u00f3 de l'esdevenir de qualsevol crisi organitzativa. Es restringeixen a un problema de comunicaci\u00f3 q\u00fcestions molt m\u00e9s corals i complexes. Seria convenient ampliar aquesta an\u00e0lisi i no oblidar la capacitat dels lideratges i de les mateixes organitzacions a afrontar amb les dosis d'humilitat necess\u00e0ries la gesti\u00f3 de crisi, com a q\u00fcesti\u00f3 determinant per solucionar-la.<\/p>\n\n\n\n<p>Art\u00edcle publicat \u00edntegrament a <a href=\"https:\/\/www.2playbook.com\/industria-opina\/valor-humildad-en-comunicacion-crisis_13840_102.html\" data-type=\"link\" data-id=\"https:\/\/www.2playbook.com\/industria-opina\/valor-humildad-en-comunicacion-crisis_13840_102.html\">2Playbook<\/a>.<\/p>","protected":false},"excerpt":{"rendered":"<p>Sobre humilitat i comunicaci\u00f3 de crisi, segur que us v\u00e9nen al capdavant alguns exemples recents on s'ha trobat a faltar la primera. En aquest article per a 2Playbook, Toni Ruiz reflexiona sobre aspectes com la confian\u00e7a, el respecte o la permeabilitat als consells, tan necessaris en aquests contextos de m\u00e0xima tensi\u00f3 de les organitzacions.<\/p>","protected":false},"author":654,"featured_media":1001,"comment_status":"open","ping_status":"open","sticky":false,"template":"","format":"standard","meta":{"footnotes":""},"categories":[13,14,12],"tags":[],"class_list":["post-1000","post","type-post","status-publish","format-standard","has-post-thumbnail","hentry","category-comunicacion-corporativa","category-crisis","category-reputacion"],"yoast_head":"<!-- This site is optimized with the Yoast SEO plugin v27.0 - https:\/\/yoast.com\/product\/yoast-seo-wordpress\/ -->\n<title>El valor de la humildad en la comunicaci\u00f3n de crisis - xerpastudio<\/title>\n<meta name=\"robots\" content=\"index, follow, max-snippet:-1, max-image-preview:large, max-video-preview:-1\" \/>\n<link rel=\"canonical\" href=\"https:\/\/xerpastudio.com\/cat\/el-valor-de-la-humildad-en-la-comunicacion-de-crisis\/\" \/>\n<meta property=\"og:locale\" content=\"ca_ES\" \/>\n<meta property=\"og:type\" content=\"article\" \/>\n<meta property=\"og:title\" content=\"El valor de la humildad en la comunicaci\u00f3n de crisis - xerpastudio\" \/>\n<meta property=\"og:description\" content=\"Sobre humildad y comunicaci\u00f3n de crisis, seguro que os vienen a la cabeza algunos ejemplos recientes donde se ha hechado en falta la primera. En este art\u00edculo para 2Playbook, Toni Ruiz Garcia reflexiona sobre aspectos como la confianza, el respeto o la permeabilidad a los consejos, tan necesarios en esos contextos de m\u00e1xima tensi\u00f3n de las organizaciones.\" \/>\n<meta property=\"og:url\" content=\"https:\/\/xerpastudio.com\/cat\/el-valor-de-la-humildad-en-la-comunicacion-de-crisis\/\" \/>\n<meta property=\"og:site_name\" content=\"xerpastudio\" \/>\n<meta property=\"article:published_time\" content=\"2023-11-17T12:51:50+00:00\" \/>\n<meta property=\"og:image\" content=\"https:\/\/xerpastudio.com\/wp-content\/uploads\/2023\/11\/Captura_de_pantalla_2023-11-17_134319-transformed.png\" \/>\n\t<meta property=\"og:image:width\" content=\"1004\" \/>\n\t<meta property=\"og:image:height\" content=\"594\" \/>\n\t<meta property=\"og:image:type\" content=\"image\/png\" \/>\n<meta name=\"author\" content=\"ADMIN XERPA\" \/>\n<meta name=\"twitter:card\" content=\"summary_large_image\" \/>\n<meta name=\"twitter:label1\" content=\"Escrit per\" \/>\n\t<meta name=\"twitter:data1\" content=\"ADMIN XERPA\" \/>\n\t<meta name=\"twitter:label2\" content=\"Temps estimat de lectura\" \/>\n\t<meta name=\"twitter:data2\" content=\"2 minuts\" \/>\n<script type=\"application\/ld+json\" class=\"yoast-schema-graph\">{\"@context\":\"https:\/\/schema.org\",\"@graph\":[{\"@type\":\"Article\",\"@id\":\"https:\/\/xerpastudio.com\/el-valor-de-la-humildad-en-la-comunicacion-de-crisis\/#article\",\"isPartOf\":{\"@id\":\"https:\/\/xerpastudio.com\/el-valor-de-la-humildad-en-la-comunicacion-de-crisis\/\"},\"author\":{\"name\":\"ADMIN XERPA\",\"@id\":\"https:\/\/xerpastudio.com\/#\/schema\/person\/6dfdf9a636f64353e5e89b3541ae3e32\"},\"headline\":\"El valor de la humildad en la comunicaci\u00f3n de crisis\",\"datePublished\":\"2023-11-17T12:51:50+00:00\",\"mainEntityOfPage\":{\"@id\":\"https:\/\/xerpastudio.com\/el-valor-de-la-humildad-en-la-comunicacion-de-crisis\/\"},\"wordCount\":456,\"commentCount\":0,\"publisher\":{\"@id\":\"https:\/\/xerpastudio.com\/#organization\"},\"image\":{\"@id\":\"https:\/\/xerpastudio.com\/el-valor-de-la-humildad-en-la-comunicacion-de-crisis\/#primaryimage\"},\"thumbnailUrl\":\"https:\/\/xerpastudio.com\/wp-content\/uploads\/2023\/11\/Captura_de_pantalla_2023-11-17_134319-transformed.png\",\"articleSection\":[\"COMUNICACI\u00d3N CORPORATIVA\",\"CRISIS\",\"REPUTACI\u00d3N\"],\"inLanguage\":\"ca\",\"potentialAction\":[{\"@type\":\"CommentAction\",\"name\":\"Comment\",\"target\":[\"https:\/\/xerpastudio.com\/el-valor-de-la-humildad-en-la-comunicacion-de-crisis\/#respond\"]}]},{\"@type\":\"WebPage\",\"@id\":\"https:\/\/xerpastudio.com\/el-valor-de-la-humildad-en-la-comunicacion-de-crisis\/\",\"url\":\"https:\/\/xerpastudio.com\/el-valor-de-la-humildad-en-la-comunicacion-de-crisis\/\",\"name\":\"El valor de la humildad en la comunicaci\u00f3n de crisis - xerpastudio\",\"isPartOf\":{\"@id\":\"https:\/\/xerpastudio.com\/#website\"},\"primaryImageOfPage\":{\"@id\":\"https:\/\/xerpastudio.com\/el-valor-de-la-humildad-en-la-comunicacion-de-crisis\/#primaryimage\"},\"image\":{\"@id\":\"https:\/\/xerpastudio.com\/el-valor-de-la-humildad-en-la-comunicacion-de-crisis\/#primaryimage\"},\"thumbnailUrl\":\"https:\/\/xerpastudio.com\/wp-content\/uploads\/2023\/11\/Captura_de_pantalla_2023-11-17_134319-transformed.png\",\"datePublished\":\"2023-11-17T12:51:50+00:00\",\"breadcrumb\":{\"@id\":\"https:\/\/xerpastudio.com\/el-valor-de-la-humildad-en-la-comunicacion-de-crisis\/#breadcrumb\"},\"inLanguage\":\"ca\",\"potentialAction\":[{\"@type\":\"ReadAction\",\"target\":[\"https:\/\/xerpastudio.com\/el-valor-de-la-humildad-en-la-comunicacion-de-crisis\/\"]}]},{\"@type\":\"ImageObject\",\"inLanguage\":\"ca\",\"@id\":\"https:\/\/xerpastudio.com\/el-valor-de-la-humildad-en-la-comunicacion-de-crisis\/#primaryimage\",\"url\":\"https:\/\/xerpastudio.com\/wp-content\/uploads\/2023\/11\/Captura_de_pantalla_2023-11-17_134319-transformed.png\",\"contentUrl\":\"https:\/\/xerpastudio.com\/wp-content\/uploads\/2023\/11\/Captura_de_pantalla_2023-11-17_134319-transformed.png\",\"width\":1004,\"height\":594},{\"@type\":\"BreadcrumbList\",\"@id\":\"https:\/\/xerpastudio.com\/el-valor-de-la-humildad-en-la-comunicacion-de-crisis\/#breadcrumb\",\"itemListElement\":[{\"@type\":\"ListItem\",\"position\":1,\"name\":\"Home\",\"item\":\"https:\/\/xerpastudio.com\/\"},{\"@type\":\"ListItem\",\"position\":2,\"name\":\"El valor de la humildad en la comunicaci\u00f3n de crisis\"}]},{\"@type\":\"WebSite\",\"@id\":\"https:\/\/xerpastudio.com\/#website\",\"url\":\"https:\/\/xerpastudio.com\/\",\"name\":\"xerpastudio\",\"description\":\"SPORTS &amp; CORPORATE COMMS\",\"publisher\":{\"@id\":\"https:\/\/xerpastudio.com\/#organization\"},\"potentialAction\":[{\"@type\":\"SearchAction\",\"target\":{\"@type\":\"EntryPoint\",\"urlTemplate\":\"https:\/\/xerpastudio.com\/?s={search_term_string}\"},\"query-input\":{\"@type\":\"PropertyValueSpecification\",\"valueRequired\":true,\"valueName\":\"search_term_string\"}}],\"inLanguage\":\"ca\"},{\"@type\":\"Organization\",\"@id\":\"https:\/\/xerpastudio.com\/#organization\",\"name\":\"XERPA STUDIO\",\"url\":\"https:\/\/xerpastudio.com\/\",\"logo\":{\"@type\":\"ImageObject\",\"inLanguage\":\"ca\",\"@id\":\"https:\/\/xerpastudio.com\/#\/schema\/logo\/image\/\",\"url\":\"https:\/\/xerpastudio.com\/wp-content\/uploads\/2023\/02\/xerpa1-white-final.png\",\"contentUrl\":\"https:\/\/xerpastudio.com\/wp-content\/uploads\/2023\/02\/xerpa1-white-final.png\",\"width\":910,\"height\":280,\"caption\":\"XERPA STUDIO\"},\"image\":{\"@id\":\"https:\/\/xerpastudio.com\/#\/schema\/logo\/image\/\"},\"sameAs\":[\"https:\/\/instagram.com\/xerpastudio\"]},{\"@type\":\"Person\",\"@id\":\"https:\/\/xerpastudio.com\/#\/schema\/person\/6dfdf9a636f64353e5e89b3541ae3e32\",\"name\":\"ADMIN XERPA\",\"image\":{\"@type\":\"ImageObject\",\"inLanguage\":\"ca\",\"@id\":\"https:\/\/xerpastudio.com\/#\/schema\/person\/image\/\",\"url\":\"https:\/\/secure.gravatar.com\/avatar\/a90508c6bdb8771ac354e13b140b277bf0a3d8be50b5467681de9cf5bc32aa6a?s=96&d=mm&r=g\",\"contentUrl\":\"https:\/\/secure.gravatar.com\/avatar\/a90508c6bdb8771ac354e13b140b277bf0a3d8be50b5467681de9cf5bc32aa6a?s=96&d=mm&r=g\",\"caption\":\"ADMIN XERPA\"},\"url\":\"https:\/\/xerpastudio.com\/cat\/author\/user63eb581dbe5b5\/\"}]}<\/script>\n<!-- \/ Yoast SEO plugin. -->","yoast_head_json":{"title":"El valor de la humildad en la comunicaci\u00f3n de crisis - xerpastudio","robots":{"index":"index","follow":"follow","max-snippet":"max-snippet:-1","max-image-preview":"max-image-preview:large","max-video-preview":"max-video-preview:-1"},"canonical":"https:\/\/xerpastudio.com\/cat\/el-valor-de-la-humildad-en-la-comunicacion-de-crisis\/","og_locale":"ca_ES","og_type":"article","og_title":"El valor de la humildad en la comunicaci\u00f3n de crisis - xerpastudio","og_description":"Sobre humildad y comunicaci\u00f3n de crisis, seguro que os vienen a la cabeza algunos ejemplos recientes donde se ha hechado en falta la primera. En este art\u00edculo para 2Playbook, Toni Ruiz Garcia reflexiona sobre aspectos como la confianza, el respeto o la permeabilidad a los consejos, tan necesarios en esos contextos de m\u00e1xima tensi\u00f3n de las organizaciones.","og_url":"https:\/\/xerpastudio.com\/cat\/el-valor-de-la-humildad-en-la-comunicacion-de-crisis\/","og_site_name":"xerpastudio","article_published_time":"2023-11-17T12:51:50+00:00","og_image":[{"width":1004,"height":594,"url":"https:\/\/xerpastudio.com\/wp-content\/uploads\/2023\/11\/Captura_de_pantalla_2023-11-17_134319-transformed.png","type":"image\/png"}],"author":"ADMIN XERPA","twitter_card":"summary_large_image","twitter_misc":{"Escrit per":"ADMIN XERPA","Temps estimat de lectura":"2 minuts"},"schema":{"@context":"https:\/\/schema.org","@graph":[{"@type":"Article","@id":"https:\/\/xerpastudio.com\/el-valor-de-la-humildad-en-la-comunicacion-de-crisis\/#article","isPartOf":{"@id":"https:\/\/xerpastudio.com\/el-valor-de-la-humildad-en-la-comunicacion-de-crisis\/"},"author":{"name":"ADMIN XERPA","@id":"https:\/\/xerpastudio.com\/#\/schema\/person\/6dfdf9a636f64353e5e89b3541ae3e32"},"headline":"El valor de la humildad en la comunicaci\u00f3n de crisis","datePublished":"2023-11-17T12:51:50+00:00","mainEntityOfPage":{"@id":"https:\/\/xerpastudio.com\/el-valor-de-la-humildad-en-la-comunicacion-de-crisis\/"},"wordCount":456,"commentCount":0,"publisher":{"@id":"https:\/\/xerpastudio.com\/#organization"},"image":{"@id":"https:\/\/xerpastudio.com\/el-valor-de-la-humildad-en-la-comunicacion-de-crisis\/#primaryimage"},"thumbnailUrl":"https:\/\/xerpastudio.com\/wp-content\/uploads\/2023\/11\/Captura_de_pantalla_2023-11-17_134319-transformed.png","articleSection":["COMUNICACI\u00d3N CORPORATIVA","CRISIS","REPUTACI\u00d3N"],"inLanguage":"ca","potentialAction":[{"@type":"CommentAction","name":"Comment","target":["https:\/\/xerpastudio.com\/el-valor-de-la-humildad-en-la-comunicacion-de-crisis\/#respond"]}]},{"@type":"WebPage","@id":"https:\/\/xerpastudio.com\/el-valor-de-la-humildad-en-la-comunicacion-de-crisis\/","url":"https:\/\/xerpastudio.com\/el-valor-de-la-humildad-en-la-comunicacion-de-crisis\/","name":"El valor de la humildad en la comunicaci\u00f3n de crisis - xerpastudio","isPartOf":{"@id":"https:\/\/xerpastudio.com\/#website"},"primaryImageOfPage":{"@id":"https:\/\/xerpastudio.com\/el-valor-de-la-humildad-en-la-comunicacion-de-crisis\/#primaryimage"},"image":{"@id":"https:\/\/xerpastudio.com\/el-valor-de-la-humildad-en-la-comunicacion-de-crisis\/#primaryimage"},"thumbnailUrl":"https:\/\/xerpastudio.com\/wp-content\/uploads\/2023\/11\/Captura_de_pantalla_2023-11-17_134319-transformed.png","datePublished":"2023-11-17T12:51:50+00:00","breadcrumb":{"@id":"https:\/\/xerpastudio.com\/el-valor-de-la-humildad-en-la-comunicacion-de-crisis\/#breadcrumb"},"inLanguage":"ca","potentialAction":[{"@type":"ReadAction","target":["https:\/\/xerpastudio.com\/el-valor-de-la-humildad-en-la-comunicacion-de-crisis\/"]}]},{"@type":"ImageObject","inLanguage":"ca","@id":"https:\/\/xerpastudio.com\/el-valor-de-la-humildad-en-la-comunicacion-de-crisis\/#primaryimage","url":"https:\/\/xerpastudio.com\/wp-content\/uploads\/2023\/11\/Captura_de_pantalla_2023-11-17_134319-transformed.png","contentUrl":"https:\/\/xerpastudio.com\/wp-content\/uploads\/2023\/11\/Captura_de_pantalla_2023-11-17_134319-transformed.png","width":1004,"height":594},{"@type":"BreadcrumbList","@id":"https:\/\/xerpastudio.com\/el-valor-de-la-humildad-en-la-comunicacion-de-crisis\/#breadcrumb","itemListElement":[{"@type":"ListItem","position":1,"name":"Home","item":"https:\/\/xerpastudio.com\/"},{"@type":"ListItem","position":2,"name":"El valor de la humildad en la comunicaci\u00f3n de crisis"}]},{"@type":"WebSite","@id":"https:\/\/xerpastudio.com\/#website","url":"https:\/\/xerpastudio.com\/","name":"xerpastudio","description":"SPORTS &amp; CORPORATE COMMS","publisher":{"@id":"https:\/\/xerpastudio.com\/#organization"},"potentialAction":[{"@type":"SearchAction","target":{"@type":"EntryPoint","urlTemplate":"https:\/\/xerpastudio.com\/?s={search_term_string}"},"query-input":{"@type":"PropertyValueSpecification","valueRequired":true,"valueName":"search_term_string"}}],"inLanguage":"ca"},{"@type":"Organization","@id":"https:\/\/xerpastudio.com\/#organization","name":"XERPA STUDIO","url":"https:\/\/xerpastudio.com\/","logo":{"@type":"ImageObject","inLanguage":"ca","@id":"https:\/\/xerpastudio.com\/#\/schema\/logo\/image\/","url":"https:\/\/xerpastudio.com\/wp-content\/uploads\/2023\/02\/xerpa1-white-final.png","contentUrl":"https:\/\/xerpastudio.com\/wp-content\/uploads\/2023\/02\/xerpa1-white-final.png","width":910,"height":280,"caption":"XERPA STUDIO"},"image":{"@id":"https:\/\/xerpastudio.com\/#\/schema\/logo\/image\/"},"sameAs":["https:\/\/instagram.com\/xerpastudio"]},{"@type":"Person","@id":"https:\/\/xerpastudio.com\/#\/schema\/person\/6dfdf9a636f64353e5e89b3541ae3e32","name":"ADMIN XERPA","image":{"@type":"ImageObject","inLanguage":"ca","@id":"https:\/\/xerpastudio.com\/#\/schema\/person\/image\/","url":"https:\/\/secure.gravatar.com\/avatar\/a90508c6bdb8771ac354e13b140b277bf0a3d8be50b5467681de9cf5bc32aa6a?s=96&d=mm&r=g","contentUrl":"https:\/\/secure.gravatar.com\/avatar\/a90508c6bdb8771ac354e13b140b277bf0a3d8be50b5467681de9cf5bc32aa6a?s=96&d=mm&r=g","caption":"ADMIN XERPA"},"url":"https:\/\/xerpastudio.com\/cat\/author\/user63eb581dbe5b5\/"}]}},"_links":{"self":[{"href":"https:\/\/xerpastudio.com\/cat\/wp-json\/wp\/v2\/posts\/1000","targetHints":{"allow":["GET"]}}],"collection":[{"href":"https:\/\/xerpastudio.com\/cat\/wp-json\/wp\/v2\/posts"}],"about":[{"href":"https:\/\/xerpastudio.com\/cat\/wp-json\/wp\/v2\/types\/post"}],"author":[{"embeddable":true,"href":"https:\/\/xerpastudio.com\/cat\/wp-json\/wp\/v2\/users\/654"}],"replies":[{"embeddable":true,"href":"https:\/\/xerpastudio.com\/cat\/wp-json\/wp\/v2\/comments?post=1000"}],"version-history":[{"count":1,"href":"https:\/\/xerpastudio.com\/cat\/wp-json\/wp\/v2\/posts\/1000\/revisions"}],"predecessor-version":[{"id":1002,"href":"https:\/\/xerpastudio.com\/cat\/wp-json\/wp\/v2\/posts\/1000\/revisions\/1002"}],"wp:featuredmedia":[{"embeddable":true,"href":"https:\/\/xerpastudio.com\/cat\/wp-json\/wp\/v2\/media\/1001"}],"wp:attachment":[{"href":"https:\/\/xerpastudio.com\/cat\/wp-json\/wp\/v2\/media?parent=1000"}],"wp:term":[{"taxonomy":"category","embeddable":true,"href":"https:\/\/xerpastudio.com\/cat\/wp-json\/wp\/v2\/categories?post=1000"},{"taxonomy":"post_tag","embeddable":true,"href":"https:\/\/xerpastudio.com\/cat\/wp-json\/wp\/v2\/tags?post=1000"}],"curies":[{"name":"wp","href":"https:\/\/api.w.org\/{rel}","templated":true}]}}