{"id":1030,"date":"2024-11-29T22:01:38","date_gmt":"2024-11-29T22:01:38","guid":{"rendered":"https:\/\/xerpastudio.com\/?p=1030"},"modified":"2024-11-29T22:01:38","modified_gmt":"2024-11-29T22:01:38","slug":"la-herencia-del-centenario","status":"publish","type":"post","link":"https:\/\/xerpastudio.com\/cat\/la-herencia-del-centenario\/","title":{"rendered":"L'her\u00e8ncia del Centenari"},"content":{"rendered":"<p>A les portes del 125\u00e8 aniversari del FC\u2009Barcelona \u00e9s interessant recordar l\u2019\u00faltima gran celebraci\u00f3 institucional, el seu cen\u00adtenari. Repassar aquells esdeveniments i el seu context subratlla la dimensi\u00f3 d\u2019una instituci\u00f3 \u00fanica que, malgrat les seves permanents divisions hist\u00f2riques, es deu a la suma de les contribucions de moltes generacions barcelonistes.<\/p>\n\n\n\n<p>Els cent anys d\u2019hist\u00f2ria del club es van celebrar sota un clima social i pol\u00edtic convuls. El president N\u00fa\u00f1ez acabava de superar una moci\u00f3 de censura i l\u2019entitat vivia marcada per la divisi\u00f3 social generada des de l\u2019acomiadament de Cruyff com a t\u00e8cnic. En aquell context es va decidir celebrar el centenari durant un any, amb prop de 80 esdeveniments esportius, socials i culturals, i sota el lema \u201cEl Centenari de tots\u201d. Va arrencar el 28 de novembre del 1998, amb una cerim\u00f2nia inaugural al Camp Nou, recordada per la interpretaci\u00f3 del <em>Cant del Bar\u00e7a<\/em> de Joan Manuel Serrat, a peu de gespa. Va culminar el 29 de novembre del 1999, dia de l\u2019efem\u00e8ride, amb la inauguraci\u00f3 d\u2019una innovadora exposici\u00f3 dedicada a la hist\u00f2ria del club.<\/p>\n\n\n\n<p>El centenari va comptar amb elements distintius tan destacats com el cartell oficial, creat per Antoni T\u00e0pies; el logotip dissenyat per Am\u00e9rica S\u00e1nchez; la mascota Clam, ideada per l\u2019il\u00b7lustrador Francesc Capdevila, Max; i l\u2019emblem\u00e0tica samarreta dissenyada per Nike, inspirada en patrons hist\u00f2rics i que encara avui es recorda.<\/p>\n\n\n\n<p>En l\u2019\u00e0mbit esportiu, el Camp Nou va acollir un inoblidable Bar\u00e7a-Brasil, la millor selecci\u00f3 del m\u00f3n del moment, amb Rom\u00e1rio, Ronaldo i Rivaldo a les seves files. Abans, 250 exjugadors de totes les \u00e8poques van desfilar per la gespa i van rebre el reconeixement de m\u00e9s de 80.000 barcelonistes. L\u2019estadi tamb\u00e9 va ser seu de la final de la Champions entre el Bayern i el Manchester United, on els anglesos van protagonitzar una de les remuntades m\u00e9s recordades de la hist\u00f2ria. A m\u00e9s, cada secci\u00f3, tant professionals com amateurs, va celebrar el seu particular Partit del Centenari, una oportunitat per retre homenatge a les seves traject\u00f2ries i a les seves figures hist\u00f2riques.<\/p>\n\n\n\n<p>En el pla cultural, es va estrenar el <em>Cant del Centenari<\/em>i, amb m\u00fasica d\u2019Antoni Ros Marb\u00e0, i lletra de Ramon Solsona. Es va organitzar un concert de Josep Carreras al Camp Nou, de franc per a socis; es va convocar una biennal d\u2019art, a m\u00e9s d\u2019exposicions art\u00edstiques i la publicaci\u00f3 de diverses obres liter\u00e0ries.<\/p>\n\n\n\n<p>El centenari va ser un esdeveniment extraordinari, una expressi\u00f3 cont\u00ednua de connexi\u00f3 amb els seus socis, penyes i aficionats i de vinculaci\u00f3 amb institucions i teixit associatiu del pa\u00eds. A m\u00e9s, la cirereta va ser la conquesta de totes les lligues dels equips professionals, una gesta que s\u2019aconseguia per primera vegada i que consolidava la dimensi\u00f3 del Bar\u00e7a com la instituci\u00f3 poliesportiva m\u00e9s ic\u00f2nica del m\u00f3n.\nVaig tenir l\u2019immens privilegi de formar part de l\u2019equip que va dirigir aquella organitzaci\u00f3. Res d\u2019all\u00f2 no hauria estat possible sense la figura de Ricard Maxenchs, secretari general del club i m\u00e0xim responsable de l\u2019organitzaci\u00f3 d\u2019aquell centenari. La seva visi\u00f3, comprom\u00eds i lideratge el van convertir en l\u2019\u00e0nima i motor d\u2019aquell projecte, conven\u00e7ut sempre de la import\u00e0ncia de respectar, integrar i cuidar fins al m\u00e9s m\u00ednim detall.<\/p>\n\n\n\n<p>Han passat 25 anys i el Bar\u00e7a mant\u00e9 la seva singularitat social i una identitat que transcendeix fronteres i uneix milions de persones a tot el m\u00f3n. El repte \u00e9s preservar i enfortir els seus valors, a fi de consolidar el seu llegat per a les pr\u00f2ximes generacions.<\/p>\n\n\n\n<p>*Article <a href=\"https:\/\/www.lavanguardia.com\/deportes\/20241129\/10152615\/herencia-centenario.html\" data-type=\"link\" data-id=\"https:\/\/www.lavanguardia.com\/deportes\/20241129\/10152615\/herencia-centenario.html\">publicat a La Vanguardia<\/a> el 29 de novembre de 2024, coincidint amb la celebraci\u00f3 del 125\u00e8 aniversari del FC Barcelona.<\/p>","protected":false},"excerpt":{"rendered":"<p>En aquest article publicat a La Vanguardia, Toni Ruiz repassa el llegat que van deixar els actes commemoratius del centenari del FC Barcelona<\/p>","protected":false},"author":654,"featured_media":1031,"comment_status":"open","ping_status":"open","sticky":false,"template":"","format":"standard","meta":{"footnotes":""},"categories":[1],"tags":[],"class_list":["post-1030","post","type-post","status-publish","format-standard","has-post-thumbnail","hentry","category-uncategorized"],"yoast_head":"<!-- This site is optimized with the Yoast SEO plugin v27.0 - https:\/\/yoast.com\/product\/yoast-seo-wordpress\/ -->\n<title>La herencia del Centenario - xerpastudio<\/title>\n<meta name=\"robots\" content=\"index, follow, max-snippet:-1, max-image-preview:large, max-video-preview:-1\" \/>\n<link rel=\"canonical\" href=\"https:\/\/xerpastudio.com\/cat\/la-herencia-del-centenario\/\" \/>\n<meta property=\"og:locale\" content=\"ca_ES\" \/>\n<meta property=\"og:type\" content=\"article\" \/>\n<meta property=\"og:title\" content=\"La herencia del Centenario - xerpastudio\" \/>\n<meta property=\"og:description\" content=\"En este art\u00edculo publicado en La Vanguardia, Toni Ruiz repasa el legado que dejaron los actos conmemorativos del centenario del FC Barcelona\" \/>\n<meta property=\"og:url\" content=\"https:\/\/xerpastudio.com\/cat\/la-herencia-del-centenario\/\" \/>\n<meta property=\"og:site_name\" content=\"xerpastudio\" \/>\n<meta property=\"article:published_time\" content=\"2024-11-29T22:01:38+00:00\" \/>\n<meta property=\"og:image\" content=\"https:\/\/xerpastudio.com\/wp-content\/uploads\/2024\/11\/WhatsApp-Image-2024-11-29-at-09.06.29.jpeg\" \/>\n\t<meta property=\"og:image:width\" content=\"1600\" \/>\n\t<meta property=\"og:image:height\" content=\"1186\" \/>\n\t<meta property=\"og:image:type\" content=\"image\/jpeg\" \/>\n<meta name=\"author\" content=\"ADMIN XERPA\" \/>\n<meta name=\"twitter:card\" content=\"summary_large_image\" \/>\n<meta name=\"twitter:label1\" content=\"Escrit per\" \/>\n\t<meta name=\"twitter:data1\" content=\"ADMIN XERPA\" \/>\n\t<meta name=\"twitter:label2\" content=\"Temps estimat de lectura\" \/>\n\t<meta name=\"twitter:data2\" content=\"3 minuts\" \/>\n<script type=\"application\/ld+json\" class=\"yoast-schema-graph\">{\"@context\":\"https:\/\/schema.org\",\"@graph\":[{\"@type\":\"Article\",\"@id\":\"https:\/\/xerpastudio.com\/la-herencia-del-centenario\/#article\",\"isPartOf\":{\"@id\":\"https:\/\/xerpastudio.com\/la-herencia-del-centenario\/\"},\"author\":{\"name\":\"ADMIN XERPA\",\"@id\":\"https:\/\/xerpastudio.com\/#\/schema\/person\/6dfdf9a636f64353e5e89b3541ae3e32\"},\"headline\":\"La herencia del Centenario\",\"datePublished\":\"2024-11-29T22:01:38+00:00\",\"mainEntityOfPage\":{\"@id\":\"https:\/\/xerpastudio.com\/la-herencia-del-centenario\/\"},\"wordCount\":639,\"commentCount\":0,\"publisher\":{\"@id\":\"https:\/\/xerpastudio.com\/#organization\"},\"image\":{\"@id\":\"https:\/\/xerpastudio.com\/la-herencia-del-centenario\/#primaryimage\"},\"thumbnailUrl\":\"https:\/\/xerpastudio.com\/wp-content\/uploads\/2024\/11\/WhatsApp-Image-2024-11-29-at-09.06.29.jpeg\",\"articleSection\":[\"Uncategorized\"],\"inLanguage\":\"ca\",\"potentialAction\":[{\"@type\":\"CommentAction\",\"name\":\"Comment\",\"target\":[\"https:\/\/xerpastudio.com\/la-herencia-del-centenario\/#respond\"]}]},{\"@type\":\"WebPage\",\"@id\":\"https:\/\/xerpastudio.com\/la-herencia-del-centenario\/\",\"url\":\"https:\/\/xerpastudio.com\/la-herencia-del-centenario\/\",\"name\":\"La herencia del Centenario - xerpastudio\",\"isPartOf\":{\"@id\":\"https:\/\/xerpastudio.com\/#website\"},\"primaryImageOfPage\":{\"@id\":\"https:\/\/xerpastudio.com\/la-herencia-del-centenario\/#primaryimage\"},\"image\":{\"@id\":\"https:\/\/xerpastudio.com\/la-herencia-del-centenario\/#primaryimage\"},\"thumbnailUrl\":\"https:\/\/xerpastudio.com\/wp-content\/uploads\/2024\/11\/WhatsApp-Image-2024-11-29-at-09.06.29.jpeg\",\"datePublished\":\"2024-11-29T22:01:38+00:00\",\"breadcrumb\":{\"@id\":\"https:\/\/xerpastudio.com\/la-herencia-del-centenario\/#breadcrumb\"},\"inLanguage\":\"ca\",\"potentialAction\":[{\"@type\":\"ReadAction\",\"target\":[\"https:\/\/xerpastudio.com\/la-herencia-del-centenario\/\"]}]},{\"@type\":\"ImageObject\",\"inLanguage\":\"ca\",\"@id\":\"https:\/\/xerpastudio.com\/la-herencia-del-centenario\/#primaryimage\",\"url\":\"https:\/\/xerpastudio.com\/wp-content\/uploads\/2024\/11\/WhatsApp-Image-2024-11-29-at-09.06.29.jpeg\",\"contentUrl\":\"https:\/\/xerpastudio.com\/wp-content\/uploads\/2024\/11\/WhatsApp-Image-2024-11-29-at-09.06.29.jpeg\",\"width\":1600,\"height\":1186,\"caption\":\"El equipo que organiz\u00f3 el Centenario del FC Barcelona, con Toni Ruiz (cuarto por la izquiera) y David Saura (primero por la derecha), que actualmente forman parte de Xerpa Studio.\"},{\"@type\":\"BreadcrumbList\",\"@id\":\"https:\/\/xerpastudio.com\/la-herencia-del-centenario\/#breadcrumb\",\"itemListElement\":[{\"@type\":\"ListItem\",\"position\":1,\"name\":\"Home\",\"item\":\"https:\/\/xerpastudio.com\/\"},{\"@type\":\"ListItem\",\"position\":2,\"name\":\"La herencia del Centenario\"}]},{\"@type\":\"WebSite\",\"@id\":\"https:\/\/xerpastudio.com\/#website\",\"url\":\"https:\/\/xerpastudio.com\/\",\"name\":\"xerpastudio\",\"description\":\"SPORTS &amp; CORPORATE COMMS\",\"publisher\":{\"@id\":\"https:\/\/xerpastudio.com\/#organization\"},\"potentialAction\":[{\"@type\":\"SearchAction\",\"target\":{\"@type\":\"EntryPoint\",\"urlTemplate\":\"https:\/\/xerpastudio.com\/?s={search_term_string}\"},\"query-input\":{\"@type\":\"PropertyValueSpecification\",\"valueRequired\":true,\"valueName\":\"search_term_string\"}}],\"inLanguage\":\"ca\"},{\"@type\":\"Organization\",\"@id\":\"https:\/\/xerpastudio.com\/#organization\",\"name\":\"XERPA STUDIO\",\"url\":\"https:\/\/xerpastudio.com\/\",\"logo\":{\"@type\":\"ImageObject\",\"inLanguage\":\"ca\",\"@id\":\"https:\/\/xerpastudio.com\/#\/schema\/logo\/image\/\",\"url\":\"https:\/\/xerpastudio.com\/wp-content\/uploads\/2023\/02\/xerpa1-white-final.png\",\"contentUrl\":\"https:\/\/xerpastudio.com\/wp-content\/uploads\/2023\/02\/xerpa1-white-final.png\",\"width\":910,\"height\":280,\"caption\":\"XERPA STUDIO\"},\"image\":{\"@id\":\"https:\/\/xerpastudio.com\/#\/schema\/logo\/image\/\"},\"sameAs\":[\"https:\/\/instagram.com\/xerpastudio\"]},{\"@type\":\"Person\",\"@id\":\"https:\/\/xerpastudio.com\/#\/schema\/person\/6dfdf9a636f64353e5e89b3541ae3e32\",\"name\":\"ADMIN XERPA\",\"image\":{\"@type\":\"ImageObject\",\"inLanguage\":\"ca\",\"@id\":\"https:\/\/xerpastudio.com\/#\/schema\/person\/image\/\",\"url\":\"https:\/\/secure.gravatar.com\/avatar\/a90508c6bdb8771ac354e13b140b277bf0a3d8be50b5467681de9cf5bc32aa6a?s=96&d=mm&r=g\",\"contentUrl\":\"https:\/\/secure.gravatar.com\/avatar\/a90508c6bdb8771ac354e13b140b277bf0a3d8be50b5467681de9cf5bc32aa6a?s=96&d=mm&r=g\",\"caption\":\"ADMIN XERPA\"},\"url\":\"https:\/\/xerpastudio.com\/cat\/author\/user63eb581dbe5b5\/\"}]}<\/script>\n<!-- \/ Yoast SEO plugin. -->","yoast_head_json":{"title":"La herencia del Centenario - xerpastudio","robots":{"index":"index","follow":"follow","max-snippet":"max-snippet:-1","max-image-preview":"max-image-preview:large","max-video-preview":"max-video-preview:-1"},"canonical":"https:\/\/xerpastudio.com\/cat\/la-herencia-del-centenario\/","og_locale":"ca_ES","og_type":"article","og_title":"La herencia del Centenario - xerpastudio","og_description":"En este art\u00edculo publicado en La Vanguardia, Toni Ruiz repasa el legado que dejaron los actos conmemorativos del centenario del FC Barcelona","og_url":"https:\/\/xerpastudio.com\/cat\/la-herencia-del-centenario\/","og_site_name":"xerpastudio","article_published_time":"2024-11-29T22:01:38+00:00","og_image":[{"width":1600,"height":1186,"url":"https:\/\/xerpastudio.com\/wp-content\/uploads\/2024\/11\/WhatsApp-Image-2024-11-29-at-09.06.29.jpeg","type":"image\/jpeg"}],"author":"ADMIN XERPA","twitter_card":"summary_large_image","twitter_misc":{"Escrit per":"ADMIN XERPA","Temps estimat de lectura":"3 minuts"},"schema":{"@context":"https:\/\/schema.org","@graph":[{"@type":"Article","@id":"https:\/\/xerpastudio.com\/la-herencia-del-centenario\/#article","isPartOf":{"@id":"https:\/\/xerpastudio.com\/la-herencia-del-centenario\/"},"author":{"name":"ADMIN XERPA","@id":"https:\/\/xerpastudio.com\/#\/schema\/person\/6dfdf9a636f64353e5e89b3541ae3e32"},"headline":"La herencia del Centenario","datePublished":"2024-11-29T22:01:38+00:00","mainEntityOfPage":{"@id":"https:\/\/xerpastudio.com\/la-herencia-del-centenario\/"},"wordCount":639,"commentCount":0,"publisher":{"@id":"https:\/\/xerpastudio.com\/#organization"},"image":{"@id":"https:\/\/xerpastudio.com\/la-herencia-del-centenario\/#primaryimage"},"thumbnailUrl":"https:\/\/xerpastudio.com\/wp-content\/uploads\/2024\/11\/WhatsApp-Image-2024-11-29-at-09.06.29.jpeg","articleSection":["Uncategorized"],"inLanguage":"ca","potentialAction":[{"@type":"CommentAction","name":"Comment","target":["https:\/\/xerpastudio.com\/la-herencia-del-centenario\/#respond"]}]},{"@type":"WebPage","@id":"https:\/\/xerpastudio.com\/la-herencia-del-centenario\/","url":"https:\/\/xerpastudio.com\/la-herencia-del-centenario\/","name":"La herencia del Centenario - xerpastudio","isPartOf":{"@id":"https:\/\/xerpastudio.com\/#website"},"primaryImageOfPage":{"@id":"https:\/\/xerpastudio.com\/la-herencia-del-centenario\/#primaryimage"},"image":{"@id":"https:\/\/xerpastudio.com\/la-herencia-del-centenario\/#primaryimage"},"thumbnailUrl":"https:\/\/xerpastudio.com\/wp-content\/uploads\/2024\/11\/WhatsApp-Image-2024-11-29-at-09.06.29.jpeg","datePublished":"2024-11-29T22:01:38+00:00","breadcrumb":{"@id":"https:\/\/xerpastudio.com\/la-herencia-del-centenario\/#breadcrumb"},"inLanguage":"ca","potentialAction":[{"@type":"ReadAction","target":["https:\/\/xerpastudio.com\/la-herencia-del-centenario\/"]}]},{"@type":"ImageObject","inLanguage":"ca","@id":"https:\/\/xerpastudio.com\/la-herencia-del-centenario\/#primaryimage","url":"https:\/\/xerpastudio.com\/wp-content\/uploads\/2024\/11\/WhatsApp-Image-2024-11-29-at-09.06.29.jpeg","contentUrl":"https:\/\/xerpastudio.com\/wp-content\/uploads\/2024\/11\/WhatsApp-Image-2024-11-29-at-09.06.29.jpeg","width":1600,"height":1186,"caption":"El equipo que organiz\u00f3 el Centenario del FC Barcelona, con Toni Ruiz (cuarto por la izquiera) y David Saura (primero por la derecha), que actualmente forman parte de Xerpa Studio."},{"@type":"BreadcrumbList","@id":"https:\/\/xerpastudio.com\/la-herencia-del-centenario\/#breadcrumb","itemListElement":[{"@type":"ListItem","position":1,"name":"Home","item":"https:\/\/xerpastudio.com\/"},{"@type":"ListItem","position":2,"name":"La herencia del Centenario"}]},{"@type":"WebSite","@id":"https:\/\/xerpastudio.com\/#website","url":"https:\/\/xerpastudio.com\/","name":"xerpastudio","description":"SPORTS &amp; CORPORATE COMMS","publisher":{"@id":"https:\/\/xerpastudio.com\/#organization"},"potentialAction":[{"@type":"SearchAction","target":{"@type":"EntryPoint","urlTemplate":"https:\/\/xerpastudio.com\/?s={search_term_string}"},"query-input":{"@type":"PropertyValueSpecification","valueRequired":true,"valueName":"search_term_string"}}],"inLanguage":"ca"},{"@type":"Organization","@id":"https:\/\/xerpastudio.com\/#organization","name":"XERPA STUDIO","url":"https:\/\/xerpastudio.com\/","logo":{"@type":"ImageObject","inLanguage":"ca","@id":"https:\/\/xerpastudio.com\/#\/schema\/logo\/image\/","url":"https:\/\/xerpastudio.com\/wp-content\/uploads\/2023\/02\/xerpa1-white-final.png","contentUrl":"https:\/\/xerpastudio.com\/wp-content\/uploads\/2023\/02\/xerpa1-white-final.png","width":910,"height":280,"caption":"XERPA STUDIO"},"image":{"@id":"https:\/\/xerpastudio.com\/#\/schema\/logo\/image\/"},"sameAs":["https:\/\/instagram.com\/xerpastudio"]},{"@type":"Person","@id":"https:\/\/xerpastudio.com\/#\/schema\/person\/6dfdf9a636f64353e5e89b3541ae3e32","name":"ADMIN XERPA","image":{"@type":"ImageObject","inLanguage":"ca","@id":"https:\/\/xerpastudio.com\/#\/schema\/person\/image\/","url":"https:\/\/secure.gravatar.com\/avatar\/a90508c6bdb8771ac354e13b140b277bf0a3d8be50b5467681de9cf5bc32aa6a?s=96&d=mm&r=g","contentUrl":"https:\/\/secure.gravatar.com\/avatar\/a90508c6bdb8771ac354e13b140b277bf0a3d8be50b5467681de9cf5bc32aa6a?s=96&d=mm&r=g","caption":"ADMIN XERPA"},"url":"https:\/\/xerpastudio.com\/cat\/author\/user63eb581dbe5b5\/"}]}},"_links":{"self":[{"href":"https:\/\/xerpastudio.com\/cat\/wp-json\/wp\/v2\/posts\/1030","targetHints":{"allow":["GET"]}}],"collection":[{"href":"https:\/\/xerpastudio.com\/cat\/wp-json\/wp\/v2\/posts"}],"about":[{"href":"https:\/\/xerpastudio.com\/cat\/wp-json\/wp\/v2\/types\/post"}],"author":[{"embeddable":true,"href":"https:\/\/xerpastudio.com\/cat\/wp-json\/wp\/v2\/users\/654"}],"replies":[{"embeddable":true,"href":"https:\/\/xerpastudio.com\/cat\/wp-json\/wp\/v2\/comments?post=1030"}],"version-history":[{"count":1,"href":"https:\/\/xerpastudio.com\/cat\/wp-json\/wp\/v2\/posts\/1030\/revisions"}],"predecessor-version":[{"id":1032,"href":"https:\/\/xerpastudio.com\/cat\/wp-json\/wp\/v2\/posts\/1030\/revisions\/1032"}],"wp:featuredmedia":[{"embeddable":true,"href":"https:\/\/xerpastudio.com\/cat\/wp-json\/wp\/v2\/media\/1031"}],"wp:attachment":[{"href":"https:\/\/xerpastudio.com\/cat\/wp-json\/wp\/v2\/media?parent=1030"}],"wp:term":[{"taxonomy":"category","embeddable":true,"href":"https:\/\/xerpastudio.com\/cat\/wp-json\/wp\/v2\/categories?post=1030"},{"taxonomy":"post_tag","embeddable":true,"href":"https:\/\/xerpastudio.com\/cat\/wp-json\/wp\/v2\/tags?post=1030"}],"curies":[{"name":"wp","href":"https:\/\/api.w.org\/{rel}","templated":true}]}}