{"id":1039,"date":"2025-04-15T21:51:07","date_gmt":"2025-04-15T21:51:07","guid":{"rendered":"https:\/\/xerpastudio.com\/?p=1039"},"modified":"2025-04-15T21:55:47","modified_gmt":"2025-04-15T21:55:47","slug":"vueling-convierte-a-aitana-bonmati-en-la-primera-futbolista-con-su-nombre-en-un-avion","status":"publish","type":"post","link":"https:\/\/xerpastudio.com\/cat\/vueling-convierte-a-aitana-bonmati-en-la-primera-futbolista-con-su-nombre-en-un-avion\/","title":{"rendered":"Vueling converteix Aitana Bonmat\u00ed en la primera futbolista amb el seu nom en un avi\u00f3"},"content":{"rendered":"<p><strong>Vueling <\/strong>ha fet un pas m\u00e9s en el comprom\u00eds amb la visibilitat de l'esport femen\u00ed en batejar un dels seus avions amb el nom d' <strong>Aitana Bonmat\u00ed<\/strong>. La jugadora del FC Barcelona i de la selecci\u00f3 espanyola de futbol, \u200b\u200bactual ambaixadora de l'aerol\u00ednia, es converteix aix\u00ed a la primera esportista a tenir un avi\u00f3 de Vueling amb el seu nom i la primera futbolista del m\u00f3n a aconseguir-ho.<\/p>\n\n\n\n<p>L'avi\u00f3, un A320 amb matr\u00edcula EC-MEL, llueix el nom de la centrecampista al seu fusellatge i compta amb un detall especial a l'interior: la fila 14, n\u00famero que Aitana duu a la samarreta, incorpora la imatge posterior de l'equipaci\u00f3 com a element d'identificaci\u00f3.&nbsp;<\/p>\n\n\n\n<p>Els passatgers que viatgen en aquest avi\u00f3 escoltaran un \u00e0udio de la jugadora a trav\u00e9s de la megafonia, complementant els anuncis de seguretat habituals. A m\u00e9s de donar la benvinguda a Barcelona, \u200b\u200bper als vols amb destinaci\u00f3 a la Ciutat Comtal, la '14' del Bar\u00e7a es dirigeix \u200b\u200bals viatgers amb aquestes paraules: \"Hola a tots. S\u00f3c Aitana Bonmat\u00ed i avui us acompanyar\u00e9 en aquest vol Vueling. Des de petita somiava ser futbolista professional i volar alt. Amb esfor\u00e7 i dedicaci\u00f3 ho he pogut aconseguir. \u00c9s per aix\u00f2 que animo a totes les persones que esteu volant avui en aquest avi\u00f3 a somiar tant alt com sigui possible per aconseguir tot all\u00f2 que us proposeu. Espero que gaudiu d'aquest vol tant com jo ho faig sobre la gespa.\u201d<\/p>\n\n\n\n<p>El avi\u00f3n operar\u00e1 las rutas habituales de Vueling, proyectando el nombre de la jugadora por gran parte de Europa y norte de \u00c1frica. Este reconocimiento se enmarca en la alianza entre Aitana Bonmat\u00ed y Vueling, cuyo objetivo es seguir impulsando el talento femenino y la igualdad en el deporte, inspirando a las nuevas generaciones.&nbsp;<\/p>\n\n\n\n<figure class=\"wp-block-image size-full\"><img fetchpriority=\"high\" decoding=\"async\" width=\"1003\" height=\"563\" src=\"https:\/\/xerpastudio.com\/wp-content\/uploads\/2025\/04\/Captura-de-pantalla-2025-04-15-204224.png\" alt=\"\" class=\"wp-image-1043\" srcset=\"https:\/\/xerpastudio.com\/wp-content\/uploads\/2025\/04\/Captura-de-pantalla-2025-04-15-204224.png 1003w, https:\/\/xerpastudio.com\/wp-content\/uploads\/2025\/04\/Captura-de-pantalla-2025-04-15-204224-300x168.png 300w, https:\/\/xerpastudio.com\/wp-content\/uploads\/2025\/04\/Captura-de-pantalla-2025-04-15-204224-768x431.png 768w, https:\/\/xerpastudio.com\/wp-content\/uploads\/2025\/04\/Captura-de-pantalla-2025-04-15-204224-18x10.png 18w\" sizes=\"(max-width: 1003px) 100vw, 1003px\" \/><\/figure>\n\n\n\n<p>De la m\u00e0 de l'equip de Vueling, des de Xerpa Studio hem treballat a l'estrat\u00e8gia de comunicaci\u00f3 i distribuci\u00f3 de l'acord per amplificar la informaci\u00f3 a trav\u00e9s dels mitjans de comunicaci\u00f3 generalistes, esportius i digitals. L'acollida per part dels mitjans ha estat espectacular, amb refer\u00e8ncies als mitjans de comunicaci\u00f3 de Barcelona, \u200b\u200btant esportius com generalistes, aix\u00ed com al programa Onze de TV3 o al programa de r\u00e0dio El m\u00f3n a RAC1, el de m\u00e9s audi\u00e8ncia a Catalunya.<\/p>\n\n\n\n<p><strong>L'alian\u00e7a entre Vueling i el FC Barcelona Femen\u00ed<\/strong><\/p>\n\n\n\n<p>Des de fa un any, <a href=\"https:\/\/www.fcbarcelona.es\/es\/club\/noticias\/3977541\/vueling-se-alia-con-el-barca-femenino-como-aerolinea-oficial-del-equipo\" data-type=\"link\" data-id=\"https:\/\/www.fcbarcelona.es\/es\/club\/noticias\/3977541\/vueling-se-alia-con-el-barca-femenino-como-aerolinea-oficial-del-equipo\">Vueling ja patrocina l'equip femen\u00ed del FC Barcelona<\/a>, \u200b\u200bconvertint-lo en el primer equip femen\u00ed d'Europa que t\u00e9 el seu propi avi\u00f3 de l\u00ednia regular. Una alian\u00e7a que s'ha convertit en un referent en el m\u00f3n de l'esport i l'aviaci\u00f3 pel car\u00e0cter innovador, el comprom\u00eds social i per la projecci\u00f3 extraordin\u00e0ria.\u00a0<\/p>\n\n\n\n<p>Aitana Bonmat\u00ed, guanyadora de la Pilota d'Or dues vegades consecutives (2023 i 2024) i del premi The Best de la FIFA, \u00e9s una de les figures m\u00e9s destacades del futbol mundial. Amb una traject\u00f2ria plena d'\u00e8xits, ha conquerit tots els t\u00edtols possibles a nivell col\u00b7lectiu i individual, incloent-hi tres Champions, cinc Lligues, cinc Copes de la Reina i quatre Supercopes amb el FC Barcelona, \u200b\u200ba m\u00e9s d'un Mundial i una Nations League amb la selecci\u00f3 espanyola.&nbsp;<\/p>","protected":false},"excerpt":{"rendered":"<p>Gran cobertura medi\u00e0tica a l'anunci de l'aerol\u00ednia catalana, que ret homenatge a la jugadora i bateja un A320 amb el nom de la doble guanyadora de la Pilota d'Or<\/p>","protected":false},"author":654,"featured_media":1040,"comment_status":"open","ping_status":"open","sticky":false,"template":"","format":"standard","meta":{"footnotes":""},"categories":[13,26],"tags":[],"class_list":["post-1039","post","type-post","status-publish","format-standard","has-post-thumbnail","hentry","category-comunicacion-corporativa","category-xerpa-studio"],"yoast_head":"<!-- This site is optimized with the Yoast SEO plugin v27.0 - https:\/\/yoast.com\/product\/yoast-seo-wordpress\/ -->\n<title>Vueling convierte a Aitana Bonmat\u00ed en la primera futbolista con su nombre en un avi\u00f3n - xerpastudio<\/title>\n<meta name=\"robots\" content=\"index, follow, max-snippet:-1, max-image-preview:large, max-video-preview:-1\" \/>\n<link rel=\"canonical\" href=\"https:\/\/xerpastudio.com\/cat\/vueling-convierte-a-aitana-bonmati-en-la-primera-futbolista-con-su-nombre-en-un-avion\/\" \/>\n<meta property=\"og:locale\" content=\"ca_ES\" \/>\n<meta property=\"og:type\" content=\"article\" \/>\n<meta property=\"og:title\" content=\"Vueling convierte a Aitana Bonmat\u00ed en la primera futbolista con su nombre en un avi\u00f3n - xerpastudio\" \/>\n<meta property=\"og:description\" content=\"Gran cobertura medi\u00e1tica al anuncio de la aerol\u00ednea catalana, que rinde homenaje a la jugadora y bautiza un A320 con el nombre de la doble ganadora del Bal\u00f3n de Oro\" \/>\n<meta property=\"og:url\" content=\"https:\/\/xerpastudio.com\/cat\/vueling-convierte-a-aitana-bonmati-en-la-primera-futbolista-con-su-nombre-en-un-avion\/\" \/>\n<meta property=\"og:site_name\" content=\"xerpastudio\" \/>\n<meta property=\"article:published_time\" content=\"2025-04-15T21:51:07+00:00\" \/>\n<meta property=\"article:modified_time\" content=\"2025-04-15T21:55:47+00:00\" \/>\n<meta property=\"og:image\" content=\"https:\/\/xerpastudio.com\/wp-content\/uploads\/2025\/04\/VUELING_PARTNERSHIPS_AITANA_REGAL-AVIO_FOTOS-ESPECIAL-PLANO-GENERAL-scaled.jpg\" \/>\n\t<meta property=\"og:image:width\" content=\"2560\" \/>\n\t<meta property=\"og:image:height\" content=\"1707\" \/>\n\t<meta property=\"og:image:type\" content=\"image\/jpeg\" \/>\n<meta name=\"author\" content=\"ADMIN XERPA\" \/>\n<meta name=\"twitter:card\" content=\"summary_large_image\" \/>\n<meta name=\"twitter:label1\" content=\"Escrit per\" \/>\n\t<meta name=\"twitter:data1\" content=\"ADMIN XERPA\" \/>\n\t<meta name=\"twitter:label2\" content=\"Temps estimat de lectura\" \/>\n\t<meta name=\"twitter:data2\" content=\"3 minuts\" \/>\n<script type=\"application\/ld+json\" class=\"yoast-schema-graph\">{\"@context\":\"https:\/\/schema.org\",\"@graph\":[{\"@type\":\"Article\",\"@id\":\"https:\/\/xerpastudio.com\/vueling-convierte-a-aitana-bonmati-en-la-primera-futbolista-con-su-nombre-en-un-avion\/#article\",\"isPartOf\":{\"@id\":\"https:\/\/xerpastudio.com\/vueling-convierte-a-aitana-bonmati-en-la-primera-futbolista-con-su-nombre-en-un-avion\/\"},\"author\":{\"name\":\"ADMIN XERPA\",\"@id\":\"https:\/\/xerpastudio.com\/#\/schema\/person\/6dfdf9a636f64353e5e89b3541ae3e32\"},\"headline\":\"Vueling convierte a Aitana Bonmat\u00ed en la primera futbolista con su nombre en un avi\u00f3n\",\"datePublished\":\"2025-04-15T21:51:07+00:00\",\"dateModified\":\"2025-04-15T21:55:47+00:00\",\"mainEntityOfPage\":{\"@id\":\"https:\/\/xerpastudio.com\/vueling-convierte-a-aitana-bonmati-en-la-primera-futbolista-con-su-nombre-en-un-avion\/\"},\"wordCount\":591,\"commentCount\":0,\"publisher\":{\"@id\":\"https:\/\/xerpastudio.com\/#organization\"},\"image\":{\"@id\":\"https:\/\/xerpastudio.com\/vueling-convierte-a-aitana-bonmati-en-la-primera-futbolista-con-su-nombre-en-un-avion\/#primaryimage\"},\"thumbnailUrl\":\"https:\/\/xerpastudio.com\/wp-content\/uploads\/2025\/04\/VUELING_PARTNERSHIPS_AITANA_REGAL-AVIO_FOTOS-ESPECIAL-PLANO-GENERAL-scaled.jpg\",\"articleSection\":[\"COMUNICACI\u00d3N CORPORATIVA\",\"XERPA STUDIO\"],\"inLanguage\":\"ca\",\"potentialAction\":[{\"@type\":\"CommentAction\",\"name\":\"Comment\",\"target\":[\"https:\/\/xerpastudio.com\/vueling-convierte-a-aitana-bonmati-en-la-primera-futbolista-con-su-nombre-en-un-avion\/#respond\"]}]},{\"@type\":\"WebPage\",\"@id\":\"https:\/\/xerpastudio.com\/vueling-convierte-a-aitana-bonmati-en-la-primera-futbolista-con-su-nombre-en-un-avion\/\",\"url\":\"https:\/\/xerpastudio.com\/vueling-convierte-a-aitana-bonmati-en-la-primera-futbolista-con-su-nombre-en-un-avion\/\",\"name\":\"Vueling convierte a Aitana Bonmat\u00ed en la primera futbolista con su nombre en un avi\u00f3n - xerpastudio\",\"isPartOf\":{\"@id\":\"https:\/\/xerpastudio.com\/#website\"},\"primaryImageOfPage\":{\"@id\":\"https:\/\/xerpastudio.com\/vueling-convierte-a-aitana-bonmati-en-la-primera-futbolista-con-su-nombre-en-un-avion\/#primaryimage\"},\"image\":{\"@id\":\"https:\/\/xerpastudio.com\/vueling-convierte-a-aitana-bonmati-en-la-primera-futbolista-con-su-nombre-en-un-avion\/#primaryimage\"},\"thumbnailUrl\":\"https:\/\/xerpastudio.com\/wp-content\/uploads\/2025\/04\/VUELING_PARTNERSHIPS_AITANA_REGAL-AVIO_FOTOS-ESPECIAL-PLANO-GENERAL-scaled.jpg\",\"datePublished\":\"2025-04-15T21:51:07+00:00\",\"dateModified\":\"2025-04-15T21:55:47+00:00\",\"breadcrumb\":{\"@id\":\"https:\/\/xerpastudio.com\/vueling-convierte-a-aitana-bonmati-en-la-primera-futbolista-con-su-nombre-en-un-avion\/#breadcrumb\"},\"inLanguage\":\"ca\",\"potentialAction\":[{\"@type\":\"ReadAction\",\"target\":[\"https:\/\/xerpastudio.com\/vueling-convierte-a-aitana-bonmati-en-la-primera-futbolista-con-su-nombre-en-un-avion\/\"]}]},{\"@type\":\"ImageObject\",\"inLanguage\":\"ca\",\"@id\":\"https:\/\/xerpastudio.com\/vueling-convierte-a-aitana-bonmati-en-la-primera-futbolista-con-su-nombre-en-un-avion\/#primaryimage\",\"url\":\"https:\/\/xerpastudio.com\/wp-content\/uploads\/2025\/04\/VUELING_PARTNERSHIPS_AITANA_REGAL-AVIO_FOTOS-ESPECIAL-PLANO-GENERAL-scaled.jpg\",\"contentUrl\":\"https:\/\/xerpastudio.com\/wp-content\/uploads\/2025\/04\/VUELING_PARTNERSHIPS_AITANA_REGAL-AVIO_FOTOS-ESPECIAL-PLANO-GENERAL-scaled.jpg\",\"width\":2560,\"height\":1707,\"caption\":\"Aitana Bonmat\u00ed, delante del avi\u00f3n que lleva su nombre. Foto: Vueling.\"},{\"@type\":\"BreadcrumbList\",\"@id\":\"https:\/\/xerpastudio.com\/vueling-convierte-a-aitana-bonmati-en-la-primera-futbolista-con-su-nombre-en-un-avion\/#breadcrumb\",\"itemListElement\":[{\"@type\":\"ListItem\",\"position\":1,\"name\":\"Home\",\"item\":\"https:\/\/xerpastudio.com\/\"},{\"@type\":\"ListItem\",\"position\":2,\"name\":\"Vueling convierte a Aitana Bonmat\u00ed en la primera futbolista con su nombre en un avi\u00f3n\"}]},{\"@type\":\"WebSite\",\"@id\":\"https:\/\/xerpastudio.com\/#website\",\"url\":\"https:\/\/xerpastudio.com\/\",\"name\":\"xerpastudio\",\"description\":\"SPORTS &amp; CORPORATE COMMS\",\"publisher\":{\"@id\":\"https:\/\/xerpastudio.com\/#organization\"},\"potentialAction\":[{\"@type\":\"SearchAction\",\"target\":{\"@type\":\"EntryPoint\",\"urlTemplate\":\"https:\/\/xerpastudio.com\/?s={search_term_string}\"},\"query-input\":{\"@type\":\"PropertyValueSpecification\",\"valueRequired\":true,\"valueName\":\"search_term_string\"}}],\"inLanguage\":\"ca\"},{\"@type\":\"Organization\",\"@id\":\"https:\/\/xerpastudio.com\/#organization\",\"name\":\"XERPA STUDIO\",\"url\":\"https:\/\/xerpastudio.com\/\",\"logo\":{\"@type\":\"ImageObject\",\"inLanguage\":\"ca\",\"@id\":\"https:\/\/xerpastudio.com\/#\/schema\/logo\/image\/\",\"url\":\"https:\/\/xerpastudio.com\/wp-content\/uploads\/2023\/02\/xerpa1-white-final.png\",\"contentUrl\":\"https:\/\/xerpastudio.com\/wp-content\/uploads\/2023\/02\/xerpa1-white-final.png\",\"width\":910,\"height\":280,\"caption\":\"XERPA STUDIO\"},\"image\":{\"@id\":\"https:\/\/xerpastudio.com\/#\/schema\/logo\/image\/\"},\"sameAs\":[\"https:\/\/instagram.com\/xerpastudio\"]},{\"@type\":\"Person\",\"@id\":\"https:\/\/xerpastudio.com\/#\/schema\/person\/6dfdf9a636f64353e5e89b3541ae3e32\",\"name\":\"ADMIN XERPA\",\"image\":{\"@type\":\"ImageObject\",\"inLanguage\":\"ca\",\"@id\":\"https:\/\/xerpastudio.com\/#\/schema\/person\/image\/\",\"url\":\"https:\/\/secure.gravatar.com\/avatar\/a90508c6bdb8771ac354e13b140b277bf0a3d8be50b5467681de9cf5bc32aa6a?s=96&d=mm&r=g\",\"contentUrl\":\"https:\/\/secure.gravatar.com\/avatar\/a90508c6bdb8771ac354e13b140b277bf0a3d8be50b5467681de9cf5bc32aa6a?s=96&d=mm&r=g\",\"caption\":\"ADMIN XERPA\"},\"url\":\"https:\/\/xerpastudio.com\/cat\/author\/user63eb581dbe5b5\/\"}]}<\/script>\n<!-- \/ Yoast SEO plugin. -->","yoast_head_json":{"title":"Vueling convierte a Aitana Bonmat\u00ed en la primera futbolista con su nombre en un avi\u00f3n - xerpastudio","robots":{"index":"index","follow":"follow","max-snippet":"max-snippet:-1","max-image-preview":"max-image-preview:large","max-video-preview":"max-video-preview:-1"},"canonical":"https:\/\/xerpastudio.com\/cat\/vueling-convierte-a-aitana-bonmati-en-la-primera-futbolista-con-su-nombre-en-un-avion\/","og_locale":"ca_ES","og_type":"article","og_title":"Vueling convierte a Aitana Bonmat\u00ed en la primera futbolista con su nombre en un avi\u00f3n - xerpastudio","og_description":"Gran cobertura medi\u00e1tica al anuncio de la aerol\u00ednea catalana, que rinde homenaje a la jugadora y bautiza un A320 con el nombre de la doble ganadora del Bal\u00f3n de Oro","og_url":"https:\/\/xerpastudio.com\/cat\/vueling-convierte-a-aitana-bonmati-en-la-primera-futbolista-con-su-nombre-en-un-avion\/","og_site_name":"xerpastudio","article_published_time":"2025-04-15T21:51:07+00:00","article_modified_time":"2025-04-15T21:55:47+00:00","og_image":[{"width":2560,"height":1707,"url":"https:\/\/xerpastudio.com\/wp-content\/uploads\/2025\/04\/VUELING_PARTNERSHIPS_AITANA_REGAL-AVIO_FOTOS-ESPECIAL-PLANO-GENERAL-scaled.jpg","type":"image\/jpeg"}],"author":"ADMIN XERPA","twitter_card":"summary_large_image","twitter_misc":{"Escrit per":"ADMIN XERPA","Temps estimat de lectura":"3 minuts"},"schema":{"@context":"https:\/\/schema.org","@graph":[{"@type":"Article","@id":"https:\/\/xerpastudio.com\/vueling-convierte-a-aitana-bonmati-en-la-primera-futbolista-con-su-nombre-en-un-avion\/#article","isPartOf":{"@id":"https:\/\/xerpastudio.com\/vueling-convierte-a-aitana-bonmati-en-la-primera-futbolista-con-su-nombre-en-un-avion\/"},"author":{"name":"ADMIN XERPA","@id":"https:\/\/xerpastudio.com\/#\/schema\/person\/6dfdf9a636f64353e5e89b3541ae3e32"},"headline":"Vueling convierte a Aitana Bonmat\u00ed en la primera futbolista con su nombre en un avi\u00f3n","datePublished":"2025-04-15T21:51:07+00:00","dateModified":"2025-04-15T21:55:47+00:00","mainEntityOfPage":{"@id":"https:\/\/xerpastudio.com\/vueling-convierte-a-aitana-bonmati-en-la-primera-futbolista-con-su-nombre-en-un-avion\/"},"wordCount":591,"commentCount":0,"publisher":{"@id":"https:\/\/xerpastudio.com\/#organization"},"image":{"@id":"https:\/\/xerpastudio.com\/vueling-convierte-a-aitana-bonmati-en-la-primera-futbolista-con-su-nombre-en-un-avion\/#primaryimage"},"thumbnailUrl":"https:\/\/xerpastudio.com\/wp-content\/uploads\/2025\/04\/VUELING_PARTNERSHIPS_AITANA_REGAL-AVIO_FOTOS-ESPECIAL-PLANO-GENERAL-scaled.jpg","articleSection":["COMUNICACI\u00d3N CORPORATIVA","XERPA STUDIO"],"inLanguage":"ca","potentialAction":[{"@type":"CommentAction","name":"Comment","target":["https:\/\/xerpastudio.com\/vueling-convierte-a-aitana-bonmati-en-la-primera-futbolista-con-su-nombre-en-un-avion\/#respond"]}]},{"@type":"WebPage","@id":"https:\/\/xerpastudio.com\/vueling-convierte-a-aitana-bonmati-en-la-primera-futbolista-con-su-nombre-en-un-avion\/","url":"https:\/\/xerpastudio.com\/vueling-convierte-a-aitana-bonmati-en-la-primera-futbolista-con-su-nombre-en-un-avion\/","name":"Vueling convierte a Aitana Bonmat\u00ed en la primera futbolista con su nombre en un avi\u00f3n - xerpastudio","isPartOf":{"@id":"https:\/\/xerpastudio.com\/#website"},"primaryImageOfPage":{"@id":"https:\/\/xerpastudio.com\/vueling-convierte-a-aitana-bonmati-en-la-primera-futbolista-con-su-nombre-en-un-avion\/#primaryimage"},"image":{"@id":"https:\/\/xerpastudio.com\/vueling-convierte-a-aitana-bonmati-en-la-primera-futbolista-con-su-nombre-en-un-avion\/#primaryimage"},"thumbnailUrl":"https:\/\/xerpastudio.com\/wp-content\/uploads\/2025\/04\/VUELING_PARTNERSHIPS_AITANA_REGAL-AVIO_FOTOS-ESPECIAL-PLANO-GENERAL-scaled.jpg","datePublished":"2025-04-15T21:51:07+00:00","dateModified":"2025-04-15T21:55:47+00:00","breadcrumb":{"@id":"https:\/\/xerpastudio.com\/vueling-convierte-a-aitana-bonmati-en-la-primera-futbolista-con-su-nombre-en-un-avion\/#breadcrumb"},"inLanguage":"ca","potentialAction":[{"@type":"ReadAction","target":["https:\/\/xerpastudio.com\/vueling-convierte-a-aitana-bonmati-en-la-primera-futbolista-con-su-nombre-en-un-avion\/"]}]},{"@type":"ImageObject","inLanguage":"ca","@id":"https:\/\/xerpastudio.com\/vueling-convierte-a-aitana-bonmati-en-la-primera-futbolista-con-su-nombre-en-un-avion\/#primaryimage","url":"https:\/\/xerpastudio.com\/wp-content\/uploads\/2025\/04\/VUELING_PARTNERSHIPS_AITANA_REGAL-AVIO_FOTOS-ESPECIAL-PLANO-GENERAL-scaled.jpg","contentUrl":"https:\/\/xerpastudio.com\/wp-content\/uploads\/2025\/04\/VUELING_PARTNERSHIPS_AITANA_REGAL-AVIO_FOTOS-ESPECIAL-PLANO-GENERAL-scaled.jpg","width":2560,"height":1707,"caption":"Aitana Bonmat\u00ed, delante del avi\u00f3n que lleva su nombre. Foto: Vueling."},{"@type":"BreadcrumbList","@id":"https:\/\/xerpastudio.com\/vueling-convierte-a-aitana-bonmati-en-la-primera-futbolista-con-su-nombre-en-un-avion\/#breadcrumb","itemListElement":[{"@type":"ListItem","position":1,"name":"Home","item":"https:\/\/xerpastudio.com\/"},{"@type":"ListItem","position":2,"name":"Vueling convierte a Aitana Bonmat\u00ed en la primera futbolista con su nombre en un avi\u00f3n"}]},{"@type":"WebSite","@id":"https:\/\/xerpastudio.com\/#website","url":"https:\/\/xerpastudio.com\/","name":"xerpastudio","description":"SPORTS &amp; CORPORATE COMMS","publisher":{"@id":"https:\/\/xerpastudio.com\/#organization"},"potentialAction":[{"@type":"SearchAction","target":{"@type":"EntryPoint","urlTemplate":"https:\/\/xerpastudio.com\/?s={search_term_string}"},"query-input":{"@type":"PropertyValueSpecification","valueRequired":true,"valueName":"search_term_string"}}],"inLanguage":"ca"},{"@type":"Organization","@id":"https:\/\/xerpastudio.com\/#organization","name":"XERPA STUDIO","url":"https:\/\/xerpastudio.com\/","logo":{"@type":"ImageObject","inLanguage":"ca","@id":"https:\/\/xerpastudio.com\/#\/schema\/logo\/image\/","url":"https:\/\/xerpastudio.com\/wp-content\/uploads\/2023\/02\/xerpa1-white-final.png","contentUrl":"https:\/\/xerpastudio.com\/wp-content\/uploads\/2023\/02\/xerpa1-white-final.png","width":910,"height":280,"caption":"XERPA STUDIO"},"image":{"@id":"https:\/\/xerpastudio.com\/#\/schema\/logo\/image\/"},"sameAs":["https:\/\/instagram.com\/xerpastudio"]},{"@type":"Person","@id":"https:\/\/xerpastudio.com\/#\/schema\/person\/6dfdf9a636f64353e5e89b3541ae3e32","name":"ADMIN XERPA","image":{"@type":"ImageObject","inLanguage":"ca","@id":"https:\/\/xerpastudio.com\/#\/schema\/person\/image\/","url":"https:\/\/secure.gravatar.com\/avatar\/a90508c6bdb8771ac354e13b140b277bf0a3d8be50b5467681de9cf5bc32aa6a?s=96&d=mm&r=g","contentUrl":"https:\/\/secure.gravatar.com\/avatar\/a90508c6bdb8771ac354e13b140b277bf0a3d8be50b5467681de9cf5bc32aa6a?s=96&d=mm&r=g","caption":"ADMIN XERPA"},"url":"https:\/\/xerpastudio.com\/cat\/author\/user63eb581dbe5b5\/"}]}},"_links":{"self":[{"href":"https:\/\/xerpastudio.com\/cat\/wp-json\/wp\/v2\/posts\/1039","targetHints":{"allow":["GET"]}}],"collection":[{"href":"https:\/\/xerpastudio.com\/cat\/wp-json\/wp\/v2\/posts"}],"about":[{"href":"https:\/\/xerpastudio.com\/cat\/wp-json\/wp\/v2\/types\/post"}],"author":[{"embeddable":true,"href":"https:\/\/xerpastudio.com\/cat\/wp-json\/wp\/v2\/users\/654"}],"replies":[{"embeddable":true,"href":"https:\/\/xerpastudio.com\/cat\/wp-json\/wp\/v2\/comments?post=1039"}],"version-history":[{"count":3,"href":"https:\/\/xerpastudio.com\/cat\/wp-json\/wp\/v2\/posts\/1039\/revisions"}],"predecessor-version":[{"id":1045,"href":"https:\/\/xerpastudio.com\/cat\/wp-json\/wp\/v2\/posts\/1039\/revisions\/1045"}],"wp:featuredmedia":[{"embeddable":true,"href":"https:\/\/xerpastudio.com\/cat\/wp-json\/wp\/v2\/media\/1040"}],"wp:attachment":[{"href":"https:\/\/xerpastudio.com\/cat\/wp-json\/wp\/v2\/media?parent=1039"}],"wp:term":[{"taxonomy":"category","embeddable":true,"href":"https:\/\/xerpastudio.com\/cat\/wp-json\/wp\/v2\/categories?post=1039"},{"taxonomy":"post_tag","embeddable":true,"href":"https:\/\/xerpastudio.com\/cat\/wp-json\/wp\/v2\/tags?post=1039"}],"curies":[{"name":"wp","href":"https:\/\/api.w.org\/{rel}","templated":true}]}}