{"id":1047,"date":"2025-11-01T22:07:17","date_gmt":"2025-11-01T22:07:17","guid":{"rendered":"https:\/\/xerpastudio.com\/?p=1047"},"modified":"2025-11-01T22:08:18","modified_gmt":"2025-11-01T22:08:18","slug":"cuando-la-catastrofe-natural-se-convierte-en-catastrofe-institucional-lecciones-de-comunicacion-de-la-dana","status":"publish","type":"post","link":"https:\/\/xerpastudio.com\/cat\/cuando-la-catastrofe-natural-se-convierte-en-catastrofe-institucional-lecciones-de-comunicacion-de-la-dana\/","title":{"rendered":"Quan la cat\u00e0strofe natural es converteix en cat\u00e0strofe institucional: lli\u00e7ons de comunicaci\u00f3 de la DANA"},"content":{"rendered":"<p>La DANA que va afectar el Pa\u00eds Valenci\u00e0 va ser una cat\u00e0strofe natural extraordin\u00e0ria. Malauradament, la gesti\u00f3 institucional i comunicativa que la va acompanyar va convertir l\u2019emerg\u00e8ncia en un problema encara m\u00e9s greu. Enlloc de minimitzar el seu impacte, el va agreujar. Quan la resposta a una crisi falla, la comunicaci\u00f3 tamb\u00e9 falla, i les conseq\u00fc\u00e8ncies van m\u00e9s enll\u00e0 de la simple informaci\u00f3, afectant la seguretat, la confian\u00e7a i la cohesi\u00f3 social.<\/p>\n\n\n\n<p>En qualsevol crisi hi ha dos elements clau: la rapidesa en detectar, decidir i actuar, i el lideratge, \u00e9s a dir, un comit\u00e8 de crisi efectiu que coordini els recursos i la informaci\u00f3. En el cas d\u2019una cat\u00e0strofe natural i situacions d\u2019emerg\u00e8ncies a l\u2019Estat, quan la magnitud dels fets excedeix les compet\u00e8ncies d\u2019una administraci\u00f3, el Comit\u00e8 de Crisi s\u2019anomena CECOPI (Centre de Control Operatiu). Est\u00e0 provat que es va constituir tard i que durant les hores m\u00e9s cr\u00edtiques, no hi havia ning\u00fa al comandament. Aquesta demora va tenir repercussions directes i molt greus, tamb\u00e9 en la comunicaci\u00f3 i en la percepci\u00f3 ciutadana sobre la gesti\u00f3 de la crisi.<\/p>\n\n\n\n<p>La gesti\u00f3 ca\u00f2tica va provocar un retard en l\u2019av\u00eds a la ciutadania, posant en risc la seguretat i generant incertesa en moments cr\u00edtics. Es va produir desinformaci\u00f3 institucional i operativa, amb missatges contradictoris i manca d\u2019instruccions clares. La descoordinaci\u00f3 entre portaveus va generar declaracions disperses sense un missatge central, i la comunicaci\u00f3 a les xarxes socials va ser inconsistent, amb informaci\u00f3 tardana o incompleta. En aquest buit informatiu van proliferar les fake news, mentre que els retrets i el circ pol\u00edtic van substituir la responsabilitat per la confrontaci\u00f3. Tot plegat va contribuir a una crispaci\u00f3 social notable, fruit de la sensaci\u00f3 que ning\u00fa tenia el control de la situaci\u00f3 ni del relat p\u00fablic.<\/p>\n\n\n\n<p>La gesti\u00f3 comunicativa dels darrers mesos ha tornat a ser ca\u00f2tica. El retard en donar explicacions sobre per qu\u00e8 es va activar tard el comit\u00e8 de crisi ha alimentat encara m\u00e9s la desconfian\u00e7a. Les diferents versions sobre l\u2019activitat del president Maz\u00f3n aquell dia s\u2019han demostrat falses o incompletes, i aquest fet ha erosionat encara m\u00e9s la credibilitat institucional. A tot aix\u00f2, s\u2019hi afegeix la manca de coher\u00e8ncia en el relat p\u00fablic i la sensaci\u00f3 que, un any despr\u00e9s, encara no s\u2019ha assumit plenament la responsabilitat dels errors comesos.<\/p>\n\n\n\n<p>Aquesta cadena de decisions i omissions ha vulnerat dos principis fonamentals de qualsevol gesti\u00f3 de crisi: el principi de realitat, que exigeix assumir la gravetat de la situaci\u00f3 des del primer moment, i el principi de transpar\u00e8ncia, que demana oferir tota la informaci\u00f3 disponible amb honestedat i coher\u00e8ncia, evitant haver de rectificar constantment.<\/p>\n\n\n\n<p>Un any despr\u00e9s, la pregunta que emergeix \u00e9s inevitable: qu\u00e8 hem apr\u00e8s? La confian\u00e7a p\u00fablica no es reconstrueix amb excuses tardanes. Es reconstrueix amb responsabilitat, coher\u00e8ncia i transpar\u00e8ncia, principis que haurien de guiar qualsevol resposta davant una emerg\u00e8ncia. La DANA va deixar 229 v\u00edctimes; i tamb\u00e9 ens ha deixat lli\u00e7ons sobre la necessitat de refor\u00e7ar la gesti\u00f3 institucional i la comunicaci\u00f3 de crisi per protegir la ciutadania i preservar la confian\u00e7a social.<\/p>\n\n\n\n<p>Article de Toni Ruiz, publicat a Comunicacio21.cat<\/p>\n\n\n\n<p>Consulta aqu\u00ed l' <a href=\"https:\/\/www.3cat.cat\/3cat\/toni-ruiz-la-gestio-de-la-crisi-va-ser-una-catastrofe-i-la-comunicacio-posterior-caotica\/audio\/1259454\/\" data-type=\"link\" data-id=\"https:\/\/www.3cat.cat\/3cat\/toni-ruiz-la-gestio-de-la-crisi-va-ser-una-catastrofe-i-la-comunicacio-posterior-caotica\/audio\/1259454\/\">entrevista del programa \u2018La tarda de Catalunya R\u00e0dio\u2019 a Toni Ruiz<\/a> en refer\u00e8ncia a aquest tema\u00a0<\/p>\n\n\n\n<p><\/p>","protected":false},"excerpt":{"rendered":"<p>En aquest article, Toni Ruiz aborda els aspectes que van fallar en la gesti\u00f3 de la comunicaci\u00f3 de crisi generada pels efectes de la DANA a la Comunitat Valenciana<\/p>","protected":false},"author":654,"featured_media":1048,"comment_status":"open","ping_status":"open","sticky":false,"template":"","format":"standard","meta":{"footnotes":""},"categories":[14,12],"tags":[],"class_list":["post-1047","post","type-post","status-publish","format-standard","has-post-thumbnail","hentry","category-crisis","category-reputacion"],"yoast_head":"<!-- This site is optimized with the Yoast SEO plugin v27.0 - https:\/\/yoast.com\/product\/yoast-seo-wordpress\/ -->\n<title>Cuando la cat\u00e1strofe natural se convierte en cat\u00e1strofe institucional: lecciones de comunicaci\u00f3n de la DANA - xerpastudio<\/title>\n<meta name=\"robots\" content=\"index, follow, max-snippet:-1, max-image-preview:large, max-video-preview:-1\" \/>\n<link rel=\"canonical\" href=\"https:\/\/xerpastudio.com\/cat\/cuando-la-catastrofe-natural-se-convierte-en-catastrofe-institucional-lecciones-de-comunicacion-de-la-dana\/\" \/>\n<meta property=\"og:locale\" content=\"ca_ES\" \/>\n<meta property=\"og:type\" content=\"article\" \/>\n<meta property=\"og:title\" content=\"Cuando la cat\u00e1strofe natural se convierte en cat\u00e1strofe institucional: lecciones de comunicaci\u00f3n de la DANA - xerpastudio\" \/>\n<meta property=\"og:description\" content=\"En este art\u00edculo, Toni Ruiz aborda los aspectos que fallaron en la gesti\u00f3n de la comunicaci\u00f3n de crisis generada por los efectos de la DANA en la Comunitat Valenciana\" \/>\n<meta property=\"og:url\" content=\"https:\/\/xerpastudio.com\/cat\/cuando-la-catastrofe-natural-se-convierte-en-catastrofe-institucional-lecciones-de-comunicacion-de-la-dana\/\" \/>\n<meta property=\"og:site_name\" content=\"xerpastudio\" \/>\n<meta property=\"article:published_time\" content=\"2025-11-01T22:07:17+00:00\" \/>\n<meta property=\"article:modified_time\" content=\"2025-11-01T22:08:18+00:00\" \/>\n<meta property=\"og:image\" content=\"https:\/\/xerpastudio.com\/wp-content\/uploads\/2025\/11\/Mazon-Dana.png\" \/>\n\t<meta property=\"og:image:width\" content=\"727\" \/>\n\t<meta property=\"og:image:height\" content=\"545\" \/>\n\t<meta property=\"og:image:type\" content=\"image\/png\" \/>\n<meta name=\"author\" content=\"ADMIN XERPA\" \/>\n<meta name=\"twitter:card\" content=\"summary_large_image\" \/>\n<meta name=\"twitter:label1\" content=\"Escrit per\" \/>\n\t<meta name=\"twitter:data1\" content=\"ADMIN XERPA\" \/>\n\t<meta name=\"twitter:label2\" content=\"Temps estimat de lectura\" \/>\n\t<meta name=\"twitter:data2\" content=\"3 minuts\" \/>\n<script type=\"application\/ld+json\" class=\"yoast-schema-graph\">{\"@context\":\"https:\/\/schema.org\",\"@graph\":[{\"@type\":\"Article\",\"@id\":\"https:\/\/xerpastudio.com\/cuando-la-catastrofe-natural-se-convierte-en-catastrofe-institucional-lecciones-de-comunicacion-de-la-dana\/#article\",\"isPartOf\":{\"@id\":\"https:\/\/xerpastudio.com\/cuando-la-catastrofe-natural-se-convierte-en-catastrofe-institucional-lecciones-de-comunicacion-de-la-dana\/\"},\"author\":{\"name\":\"ADMIN XERPA\",\"@id\":\"https:\/\/xerpastudio.com\/#\/schema\/person\/6dfdf9a636f64353e5e89b3541ae3e32\"},\"headline\":\"Cuando la cat\u00e1strofe natural se convierte en cat\u00e1strofe institucional: lecciones de comunicaci\u00f3n de la DANA\",\"datePublished\":\"2025-11-01T22:07:17+00:00\",\"dateModified\":\"2025-11-01T22:08:18+00:00\",\"mainEntityOfPage\":{\"@id\":\"https:\/\/xerpastudio.com\/cuando-la-catastrofe-natural-se-convierte-en-catastrofe-institucional-lecciones-de-comunicacion-de-la-dana\/\"},\"wordCount\":616,\"commentCount\":0,\"publisher\":{\"@id\":\"https:\/\/xerpastudio.com\/#organization\"},\"image\":{\"@id\":\"https:\/\/xerpastudio.com\/cuando-la-catastrofe-natural-se-convierte-en-catastrofe-institucional-lecciones-de-comunicacion-de-la-dana\/#primaryimage\"},\"thumbnailUrl\":\"https:\/\/xerpastudio.com\/wp-content\/uploads\/2025\/11\/Mazon-Dana.png\",\"articleSection\":[\"CRISIS\",\"REPUTACI\u00d3N\"],\"inLanguage\":\"ca\",\"potentialAction\":[{\"@type\":\"CommentAction\",\"name\":\"Comment\",\"target\":[\"https:\/\/xerpastudio.com\/cuando-la-catastrofe-natural-se-convierte-en-catastrofe-institucional-lecciones-de-comunicacion-de-la-dana\/#respond\"]}]},{\"@type\":\"WebPage\",\"@id\":\"https:\/\/xerpastudio.com\/cuando-la-catastrofe-natural-se-convierte-en-catastrofe-institucional-lecciones-de-comunicacion-de-la-dana\/\",\"url\":\"https:\/\/xerpastudio.com\/cuando-la-catastrofe-natural-se-convierte-en-catastrofe-institucional-lecciones-de-comunicacion-de-la-dana\/\",\"name\":\"Cuando la cat\u00e1strofe natural se convierte en cat\u00e1strofe institucional: lecciones de comunicaci\u00f3n de la DANA - xerpastudio\",\"isPartOf\":{\"@id\":\"https:\/\/xerpastudio.com\/#website\"},\"primaryImageOfPage\":{\"@id\":\"https:\/\/xerpastudio.com\/cuando-la-catastrofe-natural-se-convierte-en-catastrofe-institucional-lecciones-de-comunicacion-de-la-dana\/#primaryimage\"},\"image\":{\"@id\":\"https:\/\/xerpastudio.com\/cuando-la-catastrofe-natural-se-convierte-en-catastrofe-institucional-lecciones-de-comunicacion-de-la-dana\/#primaryimage\"},\"thumbnailUrl\":\"https:\/\/xerpastudio.com\/wp-content\/uploads\/2025\/11\/Mazon-Dana.png\",\"datePublished\":\"2025-11-01T22:07:17+00:00\",\"dateModified\":\"2025-11-01T22:08:18+00:00\",\"breadcrumb\":{\"@id\":\"https:\/\/xerpastudio.com\/cuando-la-catastrofe-natural-se-convierte-en-catastrofe-institucional-lecciones-de-comunicacion-de-la-dana\/#breadcrumb\"},\"inLanguage\":\"ca\",\"potentialAction\":[{\"@type\":\"ReadAction\",\"target\":[\"https:\/\/xerpastudio.com\/cuando-la-catastrofe-natural-se-convierte-en-catastrofe-institucional-lecciones-de-comunicacion-de-la-dana\/\"]}]},{\"@type\":\"ImageObject\",\"inLanguage\":\"ca\",\"@id\":\"https:\/\/xerpastudio.com\/cuando-la-catastrofe-natural-se-convierte-en-catastrofe-institucional-lecciones-de-comunicacion-de-la-dana\/#primaryimage\",\"url\":\"https:\/\/xerpastudio.com\/wp-content\/uploads\/2025\/11\/Mazon-Dana.png\",\"contentUrl\":\"https:\/\/xerpastudio.com\/wp-content\/uploads\/2025\/11\/Mazon-Dana.png\",\"width\":727,\"height\":545,\"caption\":\"Carlos Maz\u00f3n, atendiendo a los medios de comunicaci\u00f3n desde el CECOPI.\"},{\"@type\":\"BreadcrumbList\",\"@id\":\"https:\/\/xerpastudio.com\/cuando-la-catastrofe-natural-se-convierte-en-catastrofe-institucional-lecciones-de-comunicacion-de-la-dana\/#breadcrumb\",\"itemListElement\":[{\"@type\":\"ListItem\",\"position\":1,\"name\":\"Home\",\"item\":\"https:\/\/xerpastudio.com\/\"},{\"@type\":\"ListItem\",\"position\":2,\"name\":\"Cuando la cat\u00e1strofe natural se convierte en cat\u00e1strofe institucional: lecciones de comunicaci\u00f3n de la DANA\"}]},{\"@type\":\"WebSite\",\"@id\":\"https:\/\/xerpastudio.com\/#website\",\"url\":\"https:\/\/xerpastudio.com\/\",\"name\":\"xerpastudio\",\"description\":\"SPORTS &amp; CORPORATE COMMS\",\"publisher\":{\"@id\":\"https:\/\/xerpastudio.com\/#organization\"},\"potentialAction\":[{\"@type\":\"SearchAction\",\"target\":{\"@type\":\"EntryPoint\",\"urlTemplate\":\"https:\/\/xerpastudio.com\/?s={search_term_string}\"},\"query-input\":{\"@type\":\"PropertyValueSpecification\",\"valueRequired\":true,\"valueName\":\"search_term_string\"}}],\"inLanguage\":\"ca\"},{\"@type\":\"Organization\",\"@id\":\"https:\/\/xerpastudio.com\/#organization\",\"name\":\"XERPA STUDIO\",\"url\":\"https:\/\/xerpastudio.com\/\",\"logo\":{\"@type\":\"ImageObject\",\"inLanguage\":\"ca\",\"@id\":\"https:\/\/xerpastudio.com\/#\/schema\/logo\/image\/\",\"url\":\"https:\/\/xerpastudio.com\/wp-content\/uploads\/2023\/02\/xerpa1-white-final.png\",\"contentUrl\":\"https:\/\/xerpastudio.com\/wp-content\/uploads\/2023\/02\/xerpa1-white-final.png\",\"width\":910,\"height\":280,\"caption\":\"XERPA STUDIO\"},\"image\":{\"@id\":\"https:\/\/xerpastudio.com\/#\/schema\/logo\/image\/\"},\"sameAs\":[\"https:\/\/instagram.com\/xerpastudio\"]},{\"@type\":\"Person\",\"@id\":\"https:\/\/xerpastudio.com\/#\/schema\/person\/6dfdf9a636f64353e5e89b3541ae3e32\",\"name\":\"ADMIN XERPA\",\"image\":{\"@type\":\"ImageObject\",\"inLanguage\":\"ca\",\"@id\":\"https:\/\/xerpastudio.com\/#\/schema\/person\/image\/\",\"url\":\"https:\/\/secure.gravatar.com\/avatar\/a90508c6bdb8771ac354e13b140b277bf0a3d8be50b5467681de9cf5bc32aa6a?s=96&d=mm&r=g\",\"contentUrl\":\"https:\/\/secure.gravatar.com\/avatar\/a90508c6bdb8771ac354e13b140b277bf0a3d8be50b5467681de9cf5bc32aa6a?s=96&d=mm&r=g\",\"caption\":\"ADMIN XERPA\"},\"url\":\"https:\/\/xerpastudio.com\/cat\/author\/user63eb581dbe5b5\/\"}]}<\/script>\n<!-- \/ Yoast SEO plugin. -->","yoast_head_json":{"title":"Cuando la cat\u00e1strofe natural se convierte en cat\u00e1strofe institucional: lecciones de comunicaci\u00f3n de la DANA - xerpastudio","robots":{"index":"index","follow":"follow","max-snippet":"max-snippet:-1","max-image-preview":"max-image-preview:large","max-video-preview":"max-video-preview:-1"},"canonical":"https:\/\/xerpastudio.com\/cat\/cuando-la-catastrofe-natural-se-convierte-en-catastrofe-institucional-lecciones-de-comunicacion-de-la-dana\/","og_locale":"ca_ES","og_type":"article","og_title":"Cuando la cat\u00e1strofe natural se convierte en cat\u00e1strofe institucional: lecciones de comunicaci\u00f3n de la DANA - xerpastudio","og_description":"En este art\u00edculo, Toni Ruiz aborda los aspectos que fallaron en la gesti\u00f3n de la comunicaci\u00f3n de crisis generada por los efectos de la DANA en la Comunitat Valenciana","og_url":"https:\/\/xerpastudio.com\/cat\/cuando-la-catastrofe-natural-se-convierte-en-catastrofe-institucional-lecciones-de-comunicacion-de-la-dana\/","og_site_name":"xerpastudio","article_published_time":"2025-11-01T22:07:17+00:00","article_modified_time":"2025-11-01T22:08:18+00:00","og_image":[{"width":727,"height":545,"url":"https:\/\/xerpastudio.com\/wp-content\/uploads\/2025\/11\/Mazon-Dana.png","type":"image\/png"}],"author":"ADMIN XERPA","twitter_card":"summary_large_image","twitter_misc":{"Escrit per":"ADMIN XERPA","Temps estimat de lectura":"3 minuts"},"schema":{"@context":"https:\/\/schema.org","@graph":[{"@type":"Article","@id":"https:\/\/xerpastudio.com\/cuando-la-catastrofe-natural-se-convierte-en-catastrofe-institucional-lecciones-de-comunicacion-de-la-dana\/#article","isPartOf":{"@id":"https:\/\/xerpastudio.com\/cuando-la-catastrofe-natural-se-convierte-en-catastrofe-institucional-lecciones-de-comunicacion-de-la-dana\/"},"author":{"name":"ADMIN XERPA","@id":"https:\/\/xerpastudio.com\/#\/schema\/person\/6dfdf9a636f64353e5e89b3541ae3e32"},"headline":"Cuando la cat\u00e1strofe natural se convierte en cat\u00e1strofe institucional: lecciones de comunicaci\u00f3n de la DANA","datePublished":"2025-11-01T22:07:17+00:00","dateModified":"2025-11-01T22:08:18+00:00","mainEntityOfPage":{"@id":"https:\/\/xerpastudio.com\/cuando-la-catastrofe-natural-se-convierte-en-catastrofe-institucional-lecciones-de-comunicacion-de-la-dana\/"},"wordCount":616,"commentCount":0,"publisher":{"@id":"https:\/\/xerpastudio.com\/#organization"},"image":{"@id":"https:\/\/xerpastudio.com\/cuando-la-catastrofe-natural-se-convierte-en-catastrofe-institucional-lecciones-de-comunicacion-de-la-dana\/#primaryimage"},"thumbnailUrl":"https:\/\/xerpastudio.com\/wp-content\/uploads\/2025\/11\/Mazon-Dana.png","articleSection":["CRISIS","REPUTACI\u00d3N"],"inLanguage":"ca","potentialAction":[{"@type":"CommentAction","name":"Comment","target":["https:\/\/xerpastudio.com\/cuando-la-catastrofe-natural-se-convierte-en-catastrofe-institucional-lecciones-de-comunicacion-de-la-dana\/#respond"]}]},{"@type":"WebPage","@id":"https:\/\/xerpastudio.com\/cuando-la-catastrofe-natural-se-convierte-en-catastrofe-institucional-lecciones-de-comunicacion-de-la-dana\/","url":"https:\/\/xerpastudio.com\/cuando-la-catastrofe-natural-se-convierte-en-catastrofe-institucional-lecciones-de-comunicacion-de-la-dana\/","name":"Cuando la cat\u00e1strofe natural se convierte en cat\u00e1strofe institucional: lecciones de comunicaci\u00f3n de la DANA - xerpastudio","isPartOf":{"@id":"https:\/\/xerpastudio.com\/#website"},"primaryImageOfPage":{"@id":"https:\/\/xerpastudio.com\/cuando-la-catastrofe-natural-se-convierte-en-catastrofe-institucional-lecciones-de-comunicacion-de-la-dana\/#primaryimage"},"image":{"@id":"https:\/\/xerpastudio.com\/cuando-la-catastrofe-natural-se-convierte-en-catastrofe-institucional-lecciones-de-comunicacion-de-la-dana\/#primaryimage"},"thumbnailUrl":"https:\/\/xerpastudio.com\/wp-content\/uploads\/2025\/11\/Mazon-Dana.png","datePublished":"2025-11-01T22:07:17+00:00","dateModified":"2025-11-01T22:08:18+00:00","breadcrumb":{"@id":"https:\/\/xerpastudio.com\/cuando-la-catastrofe-natural-se-convierte-en-catastrofe-institucional-lecciones-de-comunicacion-de-la-dana\/#breadcrumb"},"inLanguage":"ca","potentialAction":[{"@type":"ReadAction","target":["https:\/\/xerpastudio.com\/cuando-la-catastrofe-natural-se-convierte-en-catastrofe-institucional-lecciones-de-comunicacion-de-la-dana\/"]}]},{"@type":"ImageObject","inLanguage":"ca","@id":"https:\/\/xerpastudio.com\/cuando-la-catastrofe-natural-se-convierte-en-catastrofe-institucional-lecciones-de-comunicacion-de-la-dana\/#primaryimage","url":"https:\/\/xerpastudio.com\/wp-content\/uploads\/2025\/11\/Mazon-Dana.png","contentUrl":"https:\/\/xerpastudio.com\/wp-content\/uploads\/2025\/11\/Mazon-Dana.png","width":727,"height":545,"caption":"Carlos Maz\u00f3n, atendiendo a los medios de comunicaci\u00f3n desde el CECOPI."},{"@type":"BreadcrumbList","@id":"https:\/\/xerpastudio.com\/cuando-la-catastrofe-natural-se-convierte-en-catastrofe-institucional-lecciones-de-comunicacion-de-la-dana\/#breadcrumb","itemListElement":[{"@type":"ListItem","position":1,"name":"Home","item":"https:\/\/xerpastudio.com\/"},{"@type":"ListItem","position":2,"name":"Cuando la cat\u00e1strofe natural se convierte en cat\u00e1strofe institucional: lecciones de comunicaci\u00f3n de la DANA"}]},{"@type":"WebSite","@id":"https:\/\/xerpastudio.com\/#website","url":"https:\/\/xerpastudio.com\/","name":"xerpastudio","description":"SPORTS &amp; CORPORATE COMMS","publisher":{"@id":"https:\/\/xerpastudio.com\/#organization"},"potentialAction":[{"@type":"SearchAction","target":{"@type":"EntryPoint","urlTemplate":"https:\/\/xerpastudio.com\/?s={search_term_string}"},"query-input":{"@type":"PropertyValueSpecification","valueRequired":true,"valueName":"search_term_string"}}],"inLanguage":"ca"},{"@type":"Organization","@id":"https:\/\/xerpastudio.com\/#organization","name":"XERPA STUDIO","url":"https:\/\/xerpastudio.com\/","logo":{"@type":"ImageObject","inLanguage":"ca","@id":"https:\/\/xerpastudio.com\/#\/schema\/logo\/image\/","url":"https:\/\/xerpastudio.com\/wp-content\/uploads\/2023\/02\/xerpa1-white-final.png","contentUrl":"https:\/\/xerpastudio.com\/wp-content\/uploads\/2023\/02\/xerpa1-white-final.png","width":910,"height":280,"caption":"XERPA STUDIO"},"image":{"@id":"https:\/\/xerpastudio.com\/#\/schema\/logo\/image\/"},"sameAs":["https:\/\/instagram.com\/xerpastudio"]},{"@type":"Person","@id":"https:\/\/xerpastudio.com\/#\/schema\/person\/6dfdf9a636f64353e5e89b3541ae3e32","name":"ADMIN XERPA","image":{"@type":"ImageObject","inLanguage":"ca","@id":"https:\/\/xerpastudio.com\/#\/schema\/person\/image\/","url":"https:\/\/secure.gravatar.com\/avatar\/a90508c6bdb8771ac354e13b140b277bf0a3d8be50b5467681de9cf5bc32aa6a?s=96&d=mm&r=g","contentUrl":"https:\/\/secure.gravatar.com\/avatar\/a90508c6bdb8771ac354e13b140b277bf0a3d8be50b5467681de9cf5bc32aa6a?s=96&d=mm&r=g","caption":"ADMIN XERPA"},"url":"https:\/\/xerpastudio.com\/cat\/author\/user63eb581dbe5b5\/"}]}},"_links":{"self":[{"href":"https:\/\/xerpastudio.com\/cat\/wp-json\/wp\/v2\/posts\/1047","targetHints":{"allow":["GET"]}}],"collection":[{"href":"https:\/\/xerpastudio.com\/cat\/wp-json\/wp\/v2\/posts"}],"about":[{"href":"https:\/\/xerpastudio.com\/cat\/wp-json\/wp\/v2\/types\/post"}],"author":[{"embeddable":true,"href":"https:\/\/xerpastudio.com\/cat\/wp-json\/wp\/v2\/users\/654"}],"replies":[{"embeddable":true,"href":"https:\/\/xerpastudio.com\/cat\/wp-json\/wp\/v2\/comments?post=1047"}],"version-history":[{"count":2,"href":"https:\/\/xerpastudio.com\/cat\/wp-json\/wp\/v2\/posts\/1047\/revisions"}],"predecessor-version":[{"id":1050,"href":"https:\/\/xerpastudio.com\/cat\/wp-json\/wp\/v2\/posts\/1047\/revisions\/1050"}],"wp:featuredmedia":[{"embeddable":true,"href":"https:\/\/xerpastudio.com\/cat\/wp-json\/wp\/v2\/media\/1048"}],"wp:attachment":[{"href":"https:\/\/xerpastudio.com\/cat\/wp-json\/wp\/v2\/media?parent=1047"}],"wp:term":[{"taxonomy":"category","embeddable":true,"href":"https:\/\/xerpastudio.com\/cat\/wp-json\/wp\/v2\/categories?post=1047"},{"taxonomy":"post_tag","embeddable":true,"href":"https:\/\/xerpastudio.com\/cat\/wp-json\/wp\/v2\/tags?post=1047"}],"curies":[{"name":"wp","href":"https:\/\/api.w.org\/{rel}","templated":true}]}}